{"uid":"AMANR5L17PO838901B1906P1D1N003696","chronotag":"1763478911588","legislature":"17","identification":{"numeroLong":"I-3696","numeroOrdreDepot":"3696","prefixeOrganeExamen":"AN","numeroRect":"0"},"examenRef":"EXANR5L17PO838901B1906P1D1","texteLegislatifRef":"PRJLANR5L17B1906","triAmendement":"feaaaaaaaaaaaaaaaaaaaaaaaaaaaaaaaaaaaaaaaaaaaaaaaaau","cardinaliteAmdtMultiples":"1","amendementParentRef":{},"signataires":{"auteur":{"typeAuteur":"D\u00e9put\u00e9","gouvernementRef":{},"acteurRef":"PA795664","groupePolitiqueRef":"PO845407","auteurRapporteurOrganeRef":{}},"cosignataires":{},"suffixe":{},"libelle":" M.\u0026#160;Midy"},"pointeurFragmentTexte":{"partieAmendableRef":{},"division":{"titre":"ARTICLE 25","articleDesignationCourte":"ART. 25","articleDesignation":"ARTICLE 25","type":"ARTICLE","avant_A_Apres":"A","divisionRattachee":{},"articleAdditionnel":"false","chapitreAdditionnel":"false","urlDivisionTexteVise":"\/17\/textes\/1906A.asp#D_ARTICLE_25"},"amendementStandard":{"alinea":{}}},"corps":{"cartoucheInformatif":{},"contenuAuteur":{"dispositif":"\u003Cp style=\u0022text-align: justify;\u0022\u003ER\u0026#x00E9;diger ainsi cet article\u0026nbsp;:\u003C\/p\u003E\u003Cp style=\u0022text-align: justify;\u0022\u003E\u0026#x00AB;\u0026nbsp;I.\u0026nbsp;\u0026#x2013;\u0026nbsp;L\u0026#x2019;article\u0026nbsp;293 B du code g\u0026#x00E9;n\u0026#x00E9;ral des imp\u0026#x00F4;ts est ainsi r\u0026#x00E9;dig\u0026#x00E9;\u0026nbsp;:\u003C\/p\u003E\u003Cp style=\u0022text-align: justify;\u0022\u003E\u0026#x00AB;\u0026nbsp;\u003Ci\u003EArt.\u0026nbsp;293 B\u003C\/i\u003E.\u0026nbsp;\u0026#x2013;\u0026nbsp;I.\u0026nbsp;\u0026#x2013;\u0026nbsp;Pour leurs livraisons de biens et leurs prestations de services, les assujettis \u0026#x00E9;tablis en France b\u0026#x00E9;n\u0026#x00E9;ficient d\u0026#x2019;une franchise qui les dispense du paiement de la taxe sur la valeur ajout\u0026#x00E9;e lorsqu\u0026#x2019;ils n\u0026#x2019;ont pas r\u0026#x00E9;alis\u0026#x00E9; en France un chiffre d\u0026#x2019;affaires, \u0026#x00E9;valu\u0026#x00E9; dans les conditions pr\u0026#x00E9;vues \u0026#x00E0; l\u0026#x2019;article\u0026nbsp;293 D, exc\u0026#x00E9;dant les plafonds suivants\u0026nbsp;:\u003C\/p\u003E\u003Cp style=\u0022text-align: justify;\u0022\u003E\u0026#x00AB;\u0026nbsp;(en euros)\u003C\/p\u003E\u003Ctable style=\u0022border-collapse: collapse; height: 73px; width: 981.141px;\u0022\u003E\u003Ctbody\u003E\u003Ctr\u003E\u003Ctd style=\u0022white-space: normal; border: 1px solid #000000; width: 298px;\u0022\u003EAnn\u0026#x00E9;e d\u0027\u0026#x00E9;valuation\u003C\/td\u003E\u003Ctd style=\u0022white-space: normal; border: 1px solid #000000; width: 298px;\u0022\u003EChiffre d\u0027affaires national total\u003C\/td\u003E\u003Ctd style=\u0022white-space: normal; border: 1px solid #000000; width: 374.141px;\u0022\u003E\u003Cp\u003EChiffre d\u0026#x2019;affaires national aff\u0026#x00E9;rent aux prestations de services autres\u0026nbsp;que les ventes \u0026#x00E0; consommer sur place et les prestations d\u0026#x2019;h\u0026#x00E9;bergement\u003C\/p\u003E\u003C\/td\u003E\u003C\/tr\u003E\u003Ctr\u003E\u003Ctd style=\u0022white-space: normal; border: 1px solid #000000; width: 298px;\u0022\u003EAnn\u0026#x00E9;e civile pr\u0026#x00E9;c\u0026#x00E9;dente\u003C\/td\u003E\u003Ctd style=\u0022white-space: normal; border: 1px solid #000000; width: 298px;\u0022\u003E85 000\u003C\/td\u003E\u003Ctd style=\u0022white-space: normal; border: 1px solid #000000; width: 374.141px;\u0022\u003E37 500\u003C\/td\u003E\u003C\/tr\u003E\u003Ctr\u003E\u003Ctd style=\u0022white-space: normal; border: 1px solid #000000; width: 298px;\u0022\u003EAnn\u0026#x00E9;e en cours\u003C\/td\u003E\u003Ctd style=\u0022white-space: normal; border: 1px solid #000000; width: 298px;\u0022\u003E93 500\u003C\/td\u003E\u003Ctd style=\u0022white-space: normal; border: 1px solid #000000; width: 374.141px;\u0022\u003E41 250\u003C\/td\u003E\u003C\/tr\u003E\u003C\/tbody\u003E\u003C\/table\u003E\u003Cp style=\u0022text-align: justify;\u0022\u003E\u0026#x00AB;\u0026nbsp;II.\u0026nbsp;\u0026#x2013;\u0026nbsp;A.\u0026nbsp;\u0026#x2013;\u0026nbsp;Les avocats, les avocats au Conseil d\u0026#x2019;\u0026#x00C9;tat et \u0026#x00E0; la Cour de cassation, les auteurs d\u0026#x2019;\u0026#x0153;uvres de l\u0026#x2019;esprit et les artistes-interpr\u0026#x00E8;tes assujettis et \u0026#x00E9;tablis en France b\u0026#x00E9;n\u0026#x00E9;ficient d\u0026#x2019;une franchise qui les dispense du paiement de la taxe sur la valeur ajout\u0026#x00E9;e lorsqu\u0026#x2019;ils n\u0026#x2019;ont pas r\u0026#x00E9;alis\u0026#x00E9; en France un chiffre d\u0026#x2019;affaires, \u0026#x00E9;valu\u0026#x00E9; dans les conditions pr\u0026#x00E9;vues \u0026#x00E0; l\u0026#x2019;article\u0026nbsp;293 D, exc\u0026#x00E9;dant les plafonds suivants\u0026nbsp;:\u003C\/p\u003E\u003Cp style=\u0022text-align: justify;\u0022\u003E\u0026#x00AB;\u0026nbsp;(en euros)\u003C\/p\u003E\u003Ctable style=\u0022border-collapse: collapse; height: 68px; width: 924.141px;\u0022\u003E\u003Ctbody\u003E\u003Ctr\u003E\u003Ctd style=\u0022white-space: normal; border: 1px solid #000000; width: 256px;\u0022\u003EAnn\u0026#x00E9;e d\u0027\u0026#x00E9;valuation\u003C\/td\u003E\u003Ctd style=\u0022white-space: normal; border: 1px solid #000000; width: 256px;\u0022\u003E\u003Cp\u003EChiffre d\u0026#x2019;affaires national aff\u0026#x00E9;rent aux op\u0026#x00E9;rations\u003C\/p\u003E\u003Cp\u003Ementionn\u0026#x00E9;es au B du pr\u0026#x00E9;sent II\u003C\/p\u003E\u003C\/td\u003E\u003Ctd style=\u0022white-space: normal; border: 1px solid #000000; width: 401.141px;\u0022\u003E\u003Cp\u003EChiffre d\u0026#x2019;affaires national aff\u0026#x00E9;rent aux op\u0026#x00E9;rations\u003C\/p\u003E\u003Cp\u003Eautres que celles mentionn\u0026#x00E9;es au B du pr\u0026#x00E9;sent II\u003C\/p\u003E\u003C\/td\u003E\u003C\/tr\u003E\u003Ctr\u003E\u003Ctd style=\u0022white-space: normal; border: 1px solid #000000; width: 256px;\u0022\u003EAnn\u0026#x00E9;e civile pr\u0026#x00E9;c\u0026#x00E9;dente\u003C\/td\u003E\u003Ctd style=\u0022white-space: normal; border: 1px solid #000000; width: 256px;\u0022\u003E50 000\u003C\/td\u003E\u003Ctd style=\u0022white-space: normal; border: 1px solid #000000; width: 401.141px;\u0022\u003E35 000\u003C\/td\u003E\u003C\/tr\u003E\u003Ctr\u003E\u003Ctd style=\u0022white-space: normal; border: 1px solid #000000; width: 256px;\u0022\u003EAnn\u0026#x00E9;e en cours\u003C\/td\u003E\u003Ctd style=\u0022white-space: normal; border: 1px solid #000000; width: 256px;\u0022\u003E55 000\u003C\/td\u003E\u003Ctd style=\u0022white-space: normal; border: 1px solid #000000; width: 401.141px;\u0022\u003E38 500\u003C\/td\u003E\u003C\/tr\u003E\u003C\/tbody\u003E\u003C\/table\u003E\u003Cp style=\u0022text-align: justify;\u0022\u003E\u0026#x00AB;\u0026nbsp;B.\u0026nbsp;\u0026#x2013;\u0026nbsp;Les op\u0026#x00E9;rations prises en compte pour les besoins des plafonds mentionn\u0026#x00E9;s \u0026#x00E0; la deuxi\u0026#x00E8;me colonne du tableau de l\u0026#x2019;alin\u0026#x00E9;a\u0026nbsp;1 du A du pr\u0026#x00E9;sent II sont les suivantes\u0026nbsp;:\u003C\/p\u003E\u003Cp style=\u0022text-align: justify;\u0022\u003E\u0026#x00AB;\u0026nbsp;1\u0026#x00B0;\u0026nbsp;Les op\u0026#x00E9;rations r\u0026#x00E9;alis\u0026#x00E9;es par les avocats et les avocats au Conseil d\u0026#x2019;\u0026#x00C9;tat et \u0026#x00E0; la Cour de cassation, dans le cadre de l\u0026#x2019;activit\u0026#x00E9; d\u0026#x00E9;finie par la r\u0026#x00E9;glementation applicable \u0026#x00E0; leur profession\u0026nbsp;;\u003C\/p\u003E\u003Cp style=\u0022text-align: justify;\u0022\u003E\u0026#x00AB;\u0026nbsp;2\u0026#x00B0;\u0026nbsp;Les livraisons par les auteurs d\u0026#x2019;\u0026#x0153;uvres de l\u0026#x2019;esprit, \u0026#x00E0; l\u0026#x2019;exception des architectes, de leurs \u0026#x0153;uvres mentionn\u0026#x00E9;es aux\u0026nbsp;1\u0026#x00B0; \u0026#x00E0; 12\u0026#x00B0; de l\u0026#x2019;article\u0026nbsp;L.\u0026nbsp;112\u0026#x2011;2 du code de la propri\u0026#x00E9;t\u0026#x00E9; intellectuelle et la cession des droits patrimoniaux qui leur sont reconnus par la loi\u0026nbsp;;\u003C\/p\u003E\u003Cp style=\u0022text-align: justify;\u0022\u003E\u0026#x00AB;\u0026nbsp;3\u0026#x00B0;\u0026nbsp;Les op\u0026#x00E9;rations relatives \u0026#x00E0; l\u0026#x2019;exploitation des droits patrimoniaux qui sont reconnus par la loi aux artistes-interpr\u0026#x00E8;tes mentionn\u0026#x00E9;s \u0026#x00E0; l\u0026#x2019;article\u0026nbsp;L.\u0026nbsp;212\u0026#x2011;1 du m\u0026#x00EA;me code.\u003C\/p\u003E\u003Cp style=\u0022text-align: justify;\u0022\u003E\u0026#x00AB;\u0026nbsp;III.\u0026nbsp;\u0026#x2013;\u0026nbsp;Lorsque l\u0026#x2019;un des plafonds de chiffre d\u0026#x2019;affaires pr\u0026#x00E9;vus aux\u0026nbsp;I ou II du pr\u0026#x00E9;sent article pour les op\u0026#x00E9;rations de l\u0026#x2019;ann\u0026#x00E9;e en cours est d\u0026#x00E9;pass\u0026#x00E9;, la franchise cesse de s\u0026#x2019;appliquer pour les op\u0026#x00E9;rations intervenant \u0026#x00E0; compter de la date de d\u0026#x00E9;passement.\u0026nbsp;\u0026#x00BB;\u003C\/p\u003E\u003Cp style=\u0022text-align: justify;\u0022\u003E\u0026#x00AB;\u0026nbsp;II.\u0026nbsp;\u0026#x2013;\u0026nbsp;La perte de recettes pour l\u0026#x2019;\u0026#x00C9;tat est compens\u0026#x00E9;e \u0026#x00E0; due concurrence par la cr\u0026#x00E9;ation d\u0026#x2019;une taxe additionnelle \u0026#x00E0; l\u0026#x2019;accise sur les tabacs pr\u0026#x00E9;vue au chapitre\u0026nbsp;IV du titre\u0026nbsp;I\u003Csup\u003Eer\u003C\/sup\u003E du livre\u0026nbsp;III du code des impositions sur les biens et services.\u0026nbsp;\u0026#x00BB;\u003C\/p\u003E","avantAppel":{},"exposeSommaire":"\u003Cp\u003EAmendement de repli. Cet amendement propose de maintenir durablement les seuils de franchise en base de TVA au niveau en vigueur avant le 1er mars 2025, soit 37 500 euros pour les prestations de services et 85 000 euros pour les activit\u0026#x00E9;s commerciales, en \u0026#x00E9;cartant explicitement leur r\u0026#x00E9;duction \u0026#x00E0; 25 000 euros.\u003C\/p\u003E\u003Cp\u003ECette mesure de stabilit\u0026#x00E9; permettrait d\u0026#x2019;offrir aux micro-entrepreneurs un cadre p\u0026#x00E9;renne et lisible, essentiel \u0026#x00E0; leur d\u0026#x00E9;veloppement et \u0026#x00E0; leur s\u0026#x00E9;curisation juridique.\u003C\/p\u003E","annexeExposeSommaire":{}}},"cycleDeVie":{"dateDepot":"2025-10-23","datePublication":"2025-11-18","soumisArticle40":"true","etatDesTraitements":{"etat":{"code":"RT","libelle":"Retir\u00e9"},"sousEtat":{"code":"RT","libelle":"Retir\u00e9 apr\u00e8s publication"}},"dateSort":{},"sort":{}},"representations":{"representation":{"nom":"PDF","typeMime":{"type":"application","subType":"PDF"},"statutRepresentation":{"verbatim":"true","canonique":"true","officielle":"true","transcription":"false","enregistrement":"false"},"repSource":{},"offset":{},"contenu":{"documentURI":"\/base\/AMANR5L17PO838901B1906P1D1N003696?format=pdf"},"dateDispoRepresentation":{}}},"seanceDiscussionRef":{},"article99":"false","loiReference":{},"discussionCommune":{},"discussionIdentique":{},"accordGouvernementDepotHorsDelai":"Sans objet"}