{"uid":"AMANR5L17PO838901B1906P2D1N002409","chronotag":"1763938807331","legislature":"17","identification":{"numeroLong":"II-2409","numeroOrdreDepot":"2409","prefixeOrganeExamen":"AN","numeroRect":"0"},"examenRef":"EXANR5L17PO838901B1906P2D1","texteLegislatifRef":"PRJLANR5L17B1906","triAmendement":"bkfiaaaaaaaaaaaaaaaaaaaaaaaaaaaaaaaaaaaaaaaaaaaaaav","cardinaliteAmdtMultiples":"1","amendementParentRef":{},"signataires":{"auteur":{"typeAuteur":"D\u00e9put\u00e9","gouvernementRef":{},"acteurRef":"PA794038","groupePolitiqueRef":"PO845425","auteurRapporteurOrganeRef":{}},"cosignataires":{},"suffixe":{},"libelle":" M.\u0026#160;Neuder"},"pointeurFragmentTexte":{"partieAmendableRef":{},"division":{"titre":"ARTICLE 79","articleDesignationCourte":"ART. 79","articleDesignation":"ARTICLE 79","type":"ARTICLE","avant_A_Apres":"A","divisionRattachee":{},"articleAdditionnel":"false","chapitreAdditionnel":"false","urlDivisionTexteVise":"\/17\/textes\/1906C.asp#D_ARTICLE_79"},"missionVisee":{"codeEtat":"B","codeMissionMinefi":"SE","libelleMission":"Solidarit\u00e9, insertion et \u00e9galit\u00e9 des chances","missionRef":"3367"},"amendementStandard":{"alinea":{"avant_A_Apres":{},"numero":"1","alineaDesignation":"Alin\u00e9a 1"}}},"corps":{"cartoucheInformatif":"Sous r\u00e9serve de son traitement par les services de l\u0027Assembl\u00e9e nationale et de sa recevabilit\u00e9","contenuAuteur":{"dispositif":"\u003Cp\u003ESupprimer cet article\u003C\/p\u003E","avantAppel":{},"exposeSommaire":"\u003Cp\u003EL\u0026#x2019;Allocation aux adultes handicap\u0026#x00E9;s (AAH) vise \u0026#x00E0; garantir un revenu minimum aux personnes en situation de handicap. Depuis 2016, une r\u0026#x00E8;gle d\u0026#x00E9;rogatoire s\u0026#x2019;applique pour les b\u0026#x00E9;n\u0026#x00E9;ficiaires exer\u0026#x00E7;ant une activit\u0026#x00E9; professionnelle : afin d\u0026#x2019;\u0026#x00E9;viter toute p\u0026#x00E9;nalisation dans le calcul de la prime d\u0026#x2019;activit\u0026#x00E9;, seule une fraction de l\u0026#x2019;AAH est prise en compte (abattement de 59,85 %). Ce dispositif permet ainsi aux travailleurs handicap\u0026#x00E9;s de percevoir une prime d\u0026#x2019;activit\u0026#x00E9; plus favorable.\u003C\/p\u003E\u003Cp\u003EL\u0026#x2019;article 79 du projet de loi pr\u0026#x00E9;voit la suppression de cette d\u0026#x00E9;rogation. Une telle modification aurait pour cons\u0026#x00E9;quence imm\u0026#x00E9;diate une diminution de la prime d\u0026#x2019;activit\u0026#x00E9; des b\u0026#x00E9;n\u0026#x00E9;ficiaires de l\u0026#x2019;AAH en emploi, puisque l\u0026#x2019;allocation serait d\u0026#x00E9;sormais int\u0026#x00E9;gralement prise en compte dans son calcul.\u003C\/p\u003E\u003Cp\u003EOr, cette prise en compte am\u0026#x00E9;nag\u0026#x00E9;e de l\u0026#x2019;AAH constitue aujourd\u0026#x2019;hui un levier incitatif essentiel pour encourager l\u0026#x2019;acc\u0026#x00E8;s et le maintien dans l\u0026#x2019;emploi des personnes handicap\u0026#x00E9;es. Y renoncer revient \u0026#x00E0; affaiblir cet encouragement et \u0026#x00E0; r\u0026#x00E9;duire le revenu disponible de ces travailleurs.\u003C\/p\u003E\u003Cp\u003ECette suppression r\u0026#x00E9;pond en r\u0026#x00E9;alit\u0026#x00E9; \u0026#x00E0; un objectif d\u0026#x2019;\u0026#x00E9;conomie budg\u0026#x00E9;taire et contredit les engagements r\u0026#x00E9;cents du Gouvernement en faveur de l\u0026#x2019;emploi des personnes handicap\u0026#x00E9;es. Elle r\u0026#x00E9;tablit un m\u0026#x00E9;canisme de cumul AAH \/ revenus d\u0026#x2019;activit\u0026#x00E9; d\u0026#x00E9;favorable, entra\u0026#x00EE;nant concr\u0026#x00E8;tement un appauvrissement des travailleurs handicap\u0026#x00E9;s, en particulier ceux exer\u0026#x00E7;ant en ESAT ou b\u0026#x00E9;n\u0026#x00E9;ficiant d\u0026#x2019;un emploi accompagn\u0026#x00E9;.\u003C\/p\u003E\u003Cp\u003EPour de nombreux b\u0026#x00E9;n\u0026#x00E9;ficiaires travaillant \u0026#x00E0; temps partiel ou en ESAT, la perte financi\u0026#x00E8;re pourrait atteindre plusieurs dizaines d\u0026#x2019;euros, voire d\u0026#x00E9;passer cent euros par mois selon les situations.\u003C\/p\u003E\u003Cp\u003ECet amendement a \u0026#x00E9;t\u0026#x00E9; construit en concertation avec l\u0026#x2019;APF France handicap.\u003C\/p\u003E","annexeExposeSommaire":{}}},"cycleDeVie":{"dateDepot":"2025-11-14","datePublication":{},"soumisArticle40":"false","etatDesTraitements":{"etat":{"code":"ET","libelle":"En traitement"},"sousEtat":{}},"dateSort":{},"sort":{}},"representations":{"representation":{"nom":"PDF","typeMime":{"type":"application","subType":"PDF"},"statutRepresentation":{"verbatim":"true","canonique":"true","officielle":"true","transcription":"false","enregistrement":"false"},"repSource":{},"offset":{},"contenu":{"documentURI":"\/base\/AMANR5L17PO838901B1906P2D1N002409?format=pdf"},"dateDispoRepresentation":{}}},"seanceDiscussionRef":{},"article99":"false","loiReference":{},"discussionCommune":{},"discussionIdentique":{},"accordGouvernementDepotHorsDelai":"Sans objet"}