{"uid":"AMANR5L17PO838901BTC2193P0D1N000010","chronotag":"1775682540791","legislature":"17","identification":{"numeroLong":"10","numeroOrdreDepot":"10","prefixeOrganeExamen":"AN","numeroRect":"0"},"examenRef":"EXANR5L17PO838901BTC2193P0D1","texteLegislatifRef":"PIONANR5L17BTC2193","triAmendement":"eaaaaaaaaaaaaaaaaaaaaaaaaaaaaaaaaaaaaaaaaaaaaaaaaai","cardinaliteAmdtMultiples":"1","amendementParentRef":{},"signataires":{"auteur":{"typeAuteur":"D\u00e9put\u00e9","gouvernementRef":{},"acteurRef":"PA841621","groupePolitiqueRef":"PO845401","auteurRapporteurOrganeRef":{}},"cosignataires":{"acteurRef":["PA793432","PA841495","PA796118","PA794562","PA842279","PA793238","PA793374","PA793158","PA794434","PA841645","PA842001","PA720822","PA720668","PA794886","PA796042","PA793844","PA841487","PA841131","PA793182","PA793134","PA840075","PA720468","PA794198","PA840159","PA793548","PA795644","PA841613","PA642988","PA840119","PA793166","PA793928","PA794762","PA793146","PA840135","PA842073","PA841761","PA793246","PA840143","PA840801","PA794678","PA841139","PA793892","PA841737","PA796034","PA793832","PA793102","PA841605","PA793362","PA794418","PA793592","PA840757","PA841451","PA794734","PA793218","PA795900","PA793632","PA842085","PA794598","PA841439","PA794030","PA841749","PA841075","PA840869","PA794354","PA795912","PA841837","PA720614","PA796026","PA840857","PA793290","PA793608","PA841873","PA840967","PA793672","PA793904","PA721932","PA795974","PA794590","PA841587","PA841563","PA794530","PA840837","PA841825","PA794770","PA793314","PA793330","PA793616","PA719436","PA793354","PA795786","PA794322","PA793852","PA840915","PA793696","PA795552","PA794670","PA841199","PA794582","PA793656","PA795966","PA793230","PA793254","PA841955","PA841981","PA842227","PA794442","PA795410","PA842097","PA794894","PA794570","PA794954","PA796050","PA842255","PA793382","PA795778","PA794502","PA841553","PA793298","PA840781","PA794946","PA841575","PA841479"]},"suffixe":{},"libelle":" M.\u0026#160;Evrard,  M.\u0026#160;Allisio, M.\u0026#160;Amblard, Mme\u0026#160;Auzanot, M.\u0026#160;Ballard, Mme\u0026#160;Bamana, M.\u0026#160;Barth\u0026#232;s, M.\u0026#160;Baubry, M.\u0026#160;Beaurain, M.\u0026#160;Bentz, M.\u0026#160;Bernhardt, M.\u0026#160;Bigot, M.\u0026#160;Bilde, M.\u0026#160;Blairy, Mme\u0026#160;Blanc, M.\u0026#160;Boccaletti, Mme\u0026#160;Bordes, M.\u0026#160;Boulogne, Mme\u0026#160;Bouquin, M.\u0026#160;Bovet, M.\u0026#160;Buisson, M.\u0026#160;Casterman, M.\u0026#160;Chenu, M.\u0026#160;Chudeau, M.\u0026#160;Clavet, Mme\u0026#160;Colombier, Mme\u0026#160;Da\u0026#160;Conceicao\u0026#160;Carvalho, M.\u0026#160;de\u0026#160;Fleurian, M.\u0026#160;de\u0026#160;L\u0026#233;pinau, Mme\u0026#160;Delannoy, M.\u0026#160;Dessigny, Mme\u0026#160;Diaz, Mme\u0026#160;Dogor-Such, M.\u0026#160;Dragon, M.\u0026#160;Dufosset, M.\u0026#160;Dussausaye, M.\u0026#160;Dutremble, M.\u0026#160;Falcon, M.\u0026#160;Florquin, M.\u0026#160;Fouquart, M.\u0026#160;Frapp\u0026#233;, M.\u0026#160;Gabarron, Mme\u0026#160;Galzy, M.\u0026#160;Gery, M.\u0026#160;Giletti, M.\u0026#160;Gillet, M.\u0026#160;Christian\u0026#160;Girard, M.\u0026#160;Golliot, M.\u0026#160;Gonzalez, Mme\u0026#160;Florence\u0026#160;Goulet, Mme\u0026#160;Grangier, Mme\u0026#160;Griseti, M.\u0026#160;Guibert, M.\u0026#160;Guiniot, M.\u0026#160;Guitton, Mme\u0026#160;Hamelet, M.\u0026#160;Houssin, M.\u0026#160;Humbert, M.\u0026#160;Jacobelli, M.\u0026#160;Jenft, M.\u0026#160;Jolly, Mme\u0026#160;Joncour, Mme\u0026#160;Josserand, Mme\u0026#160;Joubert, Mme\u0026#160;Laporte, Mme\u0026#160;Lavalette, M.\u0026#160;Le\u0026#160;Bourgeois, Mme\u0026#160;Le\u0026#160;Pen, Mme\u0026#160;Lechanteux, Mme\u0026#160;Lechon, Mme\u0026#160;Lelouis, Mme\u0026#160;Levavasseur, M.\u0026#160;Limongi, M.\u0026#160;Lioret, Mme\u0026#160;Loir, M.\u0026#160;Lopez-Liguori, Mme\u0026#160;Lorho, M.\u0026#160;Lottiaux, M.\u0026#160;Loubet, M.\u0026#160;David\u0026#160;Magnier, Mme\u0026#160;Marais-Beuil, M.\u0026#160;Marchio, M.\u0026#160;Markowsky, M.\u0026#160;Patrice\u0026#160;Martin, Mme\u0026#160;Martinez, Mme\u0026#160;Alexandra\u0026#160;Masson, M.\u0026#160;Bryan\u0026#160;Masson, M.\u0026#160;Mauvieux, M.\u0026#160;Meizonnet, Mme\u0026#160;M\u0026#233;lin, Mme\u0026#160;M\u0026#233;nach\u0026#233;, M.\u0026#160;M\u0026#233;nag\u0026#233;, M.\u0026#160;Meurin, M.\u0026#160;Monnier, M.\u0026#160;Muller, M.\u0026#160;Odoul, Mme\u0026#160;Parmentier, M.\u0026#160;Perez, M.\u0026#160;Pfeffer, Mme\u0026#160;Pollet, M.\u0026#160;Rambaud, Mme\u0026#160;Ranc, M.\u0026#160;Rancoule, M.\u0026#160;Renault, Mme\u0026#160;Rimbert, M.\u0026#160;Rivi\u0026#232;re, Mme\u0026#160;Robert-Dehault, Mme\u0026#160;Roullaud, Mme\u0026#160;Roy, Mme\u0026#160;Sabatini, M.\u0026#160;Sabatou, M.\u0026#160;Salmon, M.\u0026#160;Schreck, Mme\u0026#160;Sicard, M.\u0026#160;Emmanuel\u0026#160;Tach\u0026#233;, M.\u0026#160;Jean-Philippe\u0026#160;Tanguy, M.\u0026#160;Taverne, M.\u0026#160;Tesson, M.\u0026#160;Tivoli, M.\u0026#160;Tonussi, M.\u0026#160;Villedieu, M.\u0026#160;Vos et M.\u0026#160;Weber"},"pointeurFragmentTexte":{"partieAmendableRef":{},"division":{"titre":"Article 2","articleDesignationCourte":"APR\u00c8S ART. 2","articleDesignation":"APR\u00c8S L\u0027ARTICLE 2, ins\u00e9rer l\u0027article suivant:","type":"ARTICLE","avant_A_Apres":"Apr\u00e8s","divisionRattachee":{},"articleAdditionnel":"true","chapitreAdditionnel":"false","urlDivisionTexteVise":"\/17\/textes\/2193.asp#D_Article_2"},"amendementStandard":{"alinea":{}}},"corps":{"cartoucheInformatif":{},"contenuAuteur":{"dispositif":"\u003Cp\u003EL\u0027article L. 125-5 du code de l\u0027environnement est compl\u0026#x00E9;t\u0026#x00E9; par six alin\u0026#x00E9;as ainsi r\u0026#x00E9;dig\u0026#x00E9;s :\u003C\/p\u003E\u003Cp\u003E\u0026#x00AB; Lorsqu\u0027un plan de pr\u0026#x00E9;vention des risques naturels pr\u0026#x00E9;visibles mentionn\u0026#x00E9; \u0026#x00E0; l\u0027article L. 562-1 est approuv\u0026#x00E9;, r\u0026#x00E9;vis\u0026#x00E9; ou modifi\u0026#x00E9; et qu\u0027un bien immobilier se trouve nouvellement situ\u0026#x00E9; dans une zone expos\u0026#x00E9;e aux risques, le maire de la commune o\u0026#x00F9; est situ\u0026#x00E9; ce bien informe par lettre simple et par voie \u0026#x00E9;lectronique le ou les propri\u0026#x00E9;taires concern\u0026#x00E9;s dans un d\u0026#x00E9;lai de trois mois \u0026#x00E0; compter de l\u0027approbation, de la r\u0026#x00E9;vision ou de la modification du plan.\u003C\/p\u003E\u003Cp\u003E\u0026#x00AB; Cette information pr\u0026#x00E9;cise :\u003C\/p\u003E\u003Cp\u003E\u0026#x00AB; 1\u0026#x00B0; La nature des risques auxquels le bien est d\u0026#x00E9;sormais expos\u0026#x00E9; ;\u003C\/p\u003E\u003Cp\u003E\u0026#x00AB; 2\u0026#x00B0; Les prescriptions applicables en vertu du plan de pr\u0026#x00E9;vention des risques naturels pr\u0026#x00E9;visibles ;\u003C\/p\u003E\u003Cp\u003E\u0026#x00AB; 3\u0026#x00B0; L\u0027existence de dispositifs d\u0027aide publique pour la r\u0026#x00E9;alisation d\u0027un diagnostic de vuln\u0026#x00E9;rabilit\u0026#x00E9; et, le cas \u0026#x00E9;ch\u0026#x00E9;ant, pour la r\u0026#x00E9;alisation de travaux de r\u0026#x00E9;duction de la vuln\u0026#x00E9;rabilit\u0026#x00E9; ;\u003C\/p\u003E\u003Cp\u003E\u0026#x00AB; 4\u0026#x00B0; La possibilit\u0026#x00E9; de prendre contact avec son assureur pour conna\u0026#x00EE;tre les \u0026#x00E9;ventuelles incidences sur son contrat d\u0027assurance.\u0026nbsp;\u0026#x00BB;\u003C\/p\u003E\u003Cp\u003E\u0026nbsp;\u003C\/p\u003E","avantAppel":{},"exposeSommaire":"\u003Cp\u003ELe pr\u0026#x00E9;sent amendement vise \u0026#x00E0; instaurer une obligation d\u0027information des propri\u0026#x00E9;taires par le maire lorsque leur bien immobilier se trouve nouvellement expos\u0026#x00E9; \u0026#x00E0; un risque naturel en raison de l\u0027\u0026#x00E9;volution de la cartographie des al\u0026#x00E9;as climatiques.\u003C\/p\u003E\u003Cp\u003EL\u0027amendement compl\u0026#x00E8;te l\u0027article L. 125-5 du code de l\u0027environnement qui traite de l\u0027information des acqu\u0026#x00E9;reurs et locataires de biens immobiliers (IAL). Cette modification logique \u0026#x00E9;tend le dispositif d\u0027information aux propri\u0026#x00E9;taires d\u0026#x00E9;j\u0026#x00E0; install\u0026#x00E9;s lorsque la cartographie des risques \u0026#x00E9;volue.\u003C\/p\u003E\u003Cp\u003EActuellement, lors de l\u0027acquisition d\u0027un bien immobilier, le notaire informe l\u0027acqu\u0026#x00E9;reur de la localisation du bien dans une zone \u0026#x00E0; risque au moyen du formulaire \u0026#x00C9;tat des Risques et Pollutions (ERP). Toutefois, cette information n\u0027est d\u0026#x00E9;livr\u0026#x00E9;e qu\u0027une seule fois, au moment de la transaction.\u003C\/p\u003E\u003Cp\u003EOr, la carte des al\u0026#x00E9;as climatiques \u0026#x00E9;volue constamment. Certains risques, comme le retrait-gonflement des argiles, progressent avec le changement climatique. Des zones qui n\u0027\u0026#x00E9;taient pas consid\u0026#x00E9;r\u0026#x00E9;es comme expos\u0026#x00E9;es peuvent ainsi devenir des zones \u0026#x00E0; risque, sans que les propri\u0026#x00E9;taires d\u0026#x00E9;j\u0026#x00E0; install\u0026#x00E9;s en soient inform\u0026#x00E9;s.\u003C\/p\u003E\u003Cp\u003ECette m\u0026#x00E9;connaissance de l\u0027\u0026#x00E9;volution du risque constitue un double obstacle \u0026#x00E0; l\u0027adaptation. Elle prive d\u0027abord les propri\u0026#x00E9;taires de la possibilit\u0026#x00E9; d\u0027anticiper : sans information sur l\u0027\u0026#x00E9;volution de l\u0027exposition de leur bien, ils ne peuvent ni r\u0026#x00E9;aliser les diagnostics appropri\u0026#x00E9;s, ni entreprendre les travaux de r\u0026#x00E9;duction de la vuln\u0026#x00E9;rabilit\u0026#x00E9; qui permettraient de pr\u0026#x00E9;venir les dommages futurs. Elle cr\u0026#x00E9;e ensuite une in\u0026#x00E9;galit\u0026#x00E9; de traitement : les nouveaux acqu\u0026#x00E9;reurs sont inform\u0026#x00E9;s du risque alors que les propri\u0026#x00E9;taires d\u0026#x00E9;j\u0026#x00E0; install\u0026#x00E9;s restent dans l\u0027ignorance de l\u0027\u0026#x00E9;volution de l\u0027exposition de leur bien.\u003C\/p\u003E\u003Cp\u003ELe pr\u0026#x00E9;sent amendement corrige cette lacune en instaurant une obligation d\u0027information active, d\u0026#x00E9;clench\u0026#x00E9;e automatiquement lors de l\u0027approbation, de la r\u0026#x00E9;vision ou de la modification d\u0027un plan de pr\u0026#x00E9;vention des risques naturels pr\u0026#x00E9;visibles.\u003C\/p\u003E\u003Cp\u003ECette information comprend la nature des risques auxquels le bien est expos\u0026#x00E9;, les prescriptions r\u0026#x00E9;glementaires applicables, les dispositifs d\u0027aide publique disponibles pour r\u0026#x00E9;aliser un diagnostic de vuln\u0026#x00E9;rabilit\u0026#x00E9; et, le cas \u0026#x00E9;ch\u0026#x00E9;ant, des travaux d\u0027adaptation, ainsi que la possibilit\u0026#x00E9; de se rapprocher de son assureur pour conna\u0026#x00EE;tre les \u0026#x00E9;ventuelles cons\u0026#x00E9;quences sur le contrat d\u0027assurance.\u003C\/p\u003E\u003Cp\u003ECette obligation d\u0027information s\u0027inscrit pleinement dans la philosophie de la pr\u0026#x00E9;sente proposition de loi qui vise, comme le rappelle l\u0027expos\u0026#x00E9; des motifs, \u0026#x00E0; \u0026#x00AB; renforcer la solidarit\u0026#x00E9; nationale et territoriale \u0026#x00BB; et \u0026#x00E0; \u0026#x00AB; responsabiliser les acteurs par la conditionnalit\u0026#x00E9; des garanties et des incitations \u0026#x00BB;. Le paragraphe II du pr\u0026#x00E9;sent amendement pr\u0026#x00E9;voit la compensation financi\u0026#x00E8;re de cette charge nouvelle pour les collectivit\u0026#x00E9;s territoriales, conform\u0026#x00E9;ment aux exigences constitutionnelles, par une majoration de la dotation globale de fonctionnement gag\u0026#x00E9;e sur les droits sur les tabacs.\u003C\/p\u003E","annexeExposeSommaire":{}}},"cycleDeVie":{"dateDepot":"2025-12-08","datePublication":"2025-12-11","soumisArticle40":"true","etatDesTraitements":{"etat":{"code":"DI","libelle":"Discut\u00e9"},"sousEtat":{"code":"DI","libelle":"Rejet\u00e9"}},"dateSort":"2026-04-08T23:08:40+02:00","sort":"Rejet\u00e9"},"representations":{"representation":{"nom":"PDF","typeMime":{"type":"application","subType":"PDF"},"statutRepresentation":{"verbatim":"true","canonique":"true","officielle":"true","transcription":"false","enregistrement":"false"},"repSource":{},"offset":{},"contenu":{"documentURI":"\/base\/AMANR5L17PO838901BTC2193P0D1N000010?format=pdf"},"dateDispoRepresentation":{}}},"seanceDiscussionRef":"RUANR5L17S2026IDS30448","article99":"false","loiReference":{"codeLoi":"c environnement","divisionCodeLoi":"L125-5"},"discussionCommune":{},"discussionIdentique":{},"accordGouvernementDepotHorsDelai":"Sans objet"}