{"uid":"AMANR5L17PO838901BTC2250P0D1N000964","chronotag":"1772052680079","legislature":"17","identification":{"numeroLong":"964","numeroOrdreDepot":"964","prefixeOrganeExamen":"AN","numeroRect":"0"},"examenRef":"EXANR5L17PO838901BTC2250P0D1","texteLegislatifRef":"PRJLANR5L17BTC2250","triAmendement":"tuaaaaaaaaaaaaaaaaaaaaaaaaaaaaaaaaaaaaaaaaaaaaaaaab","cardinaliteAmdtMultiples":"1","amendementParentRef":{},"signataires":{"auteur":{"typeAuteur":"D\u00e9put\u00e9","gouvernementRef":{},"acteurRef":"PA840781","groupePolitiqueRef":"PO845401","auteurRapporteurOrganeRef":{}},"cosignataires":{"acteurRef":["PA796042","PA841131","PA793134","PA840075","PA720468","PA794198","PA793548","PA642988","PA793928","PA841737","PA793102","PA793362","PA794418","PA841451","PA795900","PA842085","PA840869","PA841837","PA796026","PA840857","PA793608","PA841873","PA721932","PA795974","PA841563","PA840915","PA795786","PA794322","PA795966","PA793230","PA842227","PA794954","PA842255","PA793382","PA794502","PA794946","PA793656"]},"suffixe":{},"libelle":" M.\u0026#160;Tonussi,  M.\u0026#160;Boccaletti, Mme\u0026#160;Bouquin, M.\u0026#160;Buisson, M.\u0026#160;Casterman, M.\u0026#160;Chenu, M.\u0026#160;Chudeau, Mme\u0026#160;Colombier, M.\u0026#160;de\u0026#160;L\u0026#233;pinau, Mme\u0026#160;Diaz, M.\u0026#160;Gery, M.\u0026#160;Christian\u0026#160;Girard, M.\u0026#160;Gonzalez, Mme\u0026#160;Florence\u0026#160;Goulet, M.\u0026#160;Guibert, Mme\u0026#160;Hamelet, M.\u0026#160;Humbert, Mme\u0026#160;Joubert, M.\u0026#160;Le\u0026#160;Bourgeois, Mme\u0026#160;Lechanteux, Mme\u0026#160;Lechon, Mme\u0026#160;Levavasseur, M.\u0026#160;Limongi, Mme\u0026#160;Lorho, M.\u0026#160;Lottiaux, Mme\u0026#160;Marais-Beuil, M.\u0026#160;Monnier, Mme\u0026#160;M\u0026#233;nach\u0026#233;, M.\u0026#160;M\u0026#233;nag\u0026#233;, M.\u0026#160;Rambaud, Mme\u0026#160;Ranc, M.\u0026#160;Rivi\u0026#232;re, M.\u0026#160;Salmon, Mme\u0026#160;Sicard, M.\u0026#160;Emmanuel\u0026#160;Tach\u0026#233;, M.\u0026#160;Taverne, M.\u0026#160;Villedieu et Mme\u0026#160;Pollet"},"pointeurFragmentTexte":{"partieAmendableRef":{},"division":{"titre":"Article 28 ter","articleDesignationCourte":"APR\u00c8S ART. 28 TER","articleDesignation":"APR\u00c8S L\u0027ARTICLE 28 TER, ins\u00e9rer l\u0027article suivant:","type":"ARTICLE","avant_A_Apres":"Apr\u00e8s","divisionRattachee":{},"articleAdditionnel":"true","chapitreAdditionnel":"false","urlDivisionTexteVise":"\/17\/textes\/2250.asp#D_Article_28_ter"},"amendementStandard":{"alinea":{}}},"corps":{"cartoucheInformatif":"Cet amendement a \u00e9t\u00e9 d\u00e9clar\u00e9 irrecevable apr\u00e8s publication en application de l\u0027article 98 du r\u00e8glement de l\u0027Assembl\u00e9e nationale.","contenuAuteur":{}},"cycleDeVie":{"dateDepot":"2026-02-20","datePublication":"2026-02-24","soumisArticle40":"true","etatDesTraitements":{"etat":{"code":"IRR45","libelle":"Irrecevable"},"sousEtat":{"code":"IRR45","libelle":"Cavalier (45)"}},"dateSort":{},"sort":{}},"representations":{"representation":{"nom":"PDF","typeMime":{"type":"application","subType":"PDF"},"statutRepresentation":{"verbatim":"true","canonique":"true","officielle":"true","transcription":"false","enregistrement":"false"},"repSource":{},"offset":{},"contenu":{"documentURI":"\/base\/AMANR5L17PO838901BTC2250P0D1N000964?format=pdf"},"dateDispoRepresentation":{}}},"seanceDiscussionRef":{},"article99":"false","loiReference":{"codeLoi":"c action sociale","divisionCodeLoi":"L252-3"},"discussionCommune":{},"discussionIdentique":{},"accordGouvernementDepotHorsDelai":"Sans objet"}