{"uid":"AMANR5L17PO838901BTC2341P0D1N000039","chronotag":"1769453283307","legislature":"17","identification":{"numeroLong":"39","numeroOrdreDepot":"39","prefixeOrganeExamen":"AN","numeroRect":"0"},"examenRef":"EXANR5L17PO838901BTC2341P0D1","texteLegislatifRef":"PIONANR5L17BTC2341","triAmendement":"aoaaaaaaaaaaaaaaaaaaaaaaaaaaaaaaaaaaaaaaaaaaaaaaaabo","cardinaliteAmdtMultiples":"1","amendementParentRef":{},"signataires":{"auteur":{"typeAuteur":"D\u00e9put\u00e9","gouvernementRef":{},"acteurRef":"PA817203","groupePolitiqueRef":"PO845407","auteurRapporteurOrganeRef":{}},"cosignataires":{},"suffixe":{},"libelle":" Mme\u0026#160;Miller"},"pointeurFragmentTexte":{"partieAmendableRef":{},"division":{"titre":"Article PREMIER","articleDesignationCourte":"ART. PREMIER","articleDesignation":"ARTICLE PREMIER","type":"ARTICLE","avant_A_Apres":"A","divisionRattachee":{},"articleAdditionnel":"false","chapitreAdditionnel":"false","urlDivisionTexteVise":"\/17\/textes\/2341.asp#D_Article_1er"},"amendementStandard":{"alinea":{"avant_A_Apres":{},"numero":"5","alineaDesignation":"Alin\u00e9a 5"}}},"corps":{"cartoucheInformatif":{},"contenuAuteur":{"dispositif":"\u003Cp style=\u0022text-align: justify;\u0022\u003ESubstituer aux alin\u0026#x00E9;as 5 \u0026#x00E0; 10 les quatre alin\u0026#x00E9;as suivants\u0026nbsp;:\u003C\/p\u003E\u003Cp style=\u0022text-align: justify;\u0022\u003E\u0026#x00AB;\u0026nbsp;\u003Ci\u003EArt.\u0026nbsp;6\u0026#x2011;9\u003C\/i\u003E.\u0026nbsp;\u0026#x2013;\u0026nbsp;I.\u0026nbsp;\u0026#x2013;\u0026nbsp;L\u0026#x2019;acc\u0026#x00E8;s \u0026#x00E0; un service de r\u0026#x00E9;seau social en ligne fourni par une plateforme en ligne est interdit aux mineurs de quinze ans.\u003C\/p\u003E\u003Cp style=\u0022text-align: justify;\u0022\u003E\u0026#x00AB;\u0026nbsp;II.\u0026nbsp;\u0026#x2013;\u0026nbsp;Le pr\u0026#x00E9;sent article ne s\u0026#x2019;applique ni aux encyclop\u0026#x00E9;dies en ligne, ni aux r\u0026#x00E9;pertoires \u0026#x00E9;ducatifs ou scientifiques ni aux plateformes de d\u0026#x00E9;veloppement et de partage de logiciels libres.\u003C\/p\u003E\u003Cp style=\u0022text-align: justify;\u0022\u003E\u0026#x00AB;\u0026nbsp;III.\u0026nbsp;\u0026#x2013;\u0026nbsp;L\u0026#x2019;Autorit\u0026#x00E9; de r\u0026#x00E9;gulation de la communication audiovisuelle et num\u0026#x00E9;rique veille, dans les conditions pr\u0026#x00E9;vues au chapitre IV du r\u0026#x00E8;glement (UE) 2022\/2065 du Parlement europ\u0026#x00E9;en et du Conseil du\u0026nbsp;19\u0026nbsp;octobre\u0026nbsp;2022 relatif \u0026#x00E0; un march\u0026#x00E9; unique des services num\u0026#x00E9;riques et modifiant la directive 2000\/31\/CE (r\u0026#x00E8;glement sur les services num\u0026#x00E9;riques)\u0026nbsp;et aux articles 9\u0026#x2011;1 et 9\u0026#x2011;2 de la pr\u0026#x00E9;sente loi, au respect du pr\u0026#x00E9;sent article.\u003C\/p\u003E\u003Cp style=\u0022text-align: justify;\u0022\u003E\u0026#x00AB;\u0026nbsp;Elle signale tout soup\u0026#x00E7;on de manquement \u0026#x00E0; l\u0026#x2019;interdiction pr\u0026#x00E9;vue au pr\u0026#x00E9;sent article commis par des plateformes en ligne fournissant un service de r\u0026#x00E9;seau social en ligne \u0026#x00E9;tablies dans d\u0026#x2019;autres \u0026#x00C9;tats membres de l\u0026#x2019;Union europ\u0026#x00E9;enne aux autorit\u0026#x00E9;s comp\u0026#x00E9;tentes pour faire respecter le R\u0026#x00E8;glement (UE) 2022\/2065 du Parlement europ\u0026#x00E9;en et du Conseil du\u0026nbsp;19\u0026nbsp;octobre\u0026nbsp;2022 pr\u0026#x00E9;cit\u0026#x00E9;.\u0026nbsp;\u0026#x00BB;\u003C\/p\u003E\u003Cp style=\u0022text-align: justify;\u0022\u003EII.\u0026nbsp;\u0026#x2013;\u0026nbsp;En cons\u0026#x00E9;quence, compl\u0026#x00E9;ter l\u0026#x2019;alin\u0026#x00E9;a\u0026nbsp;12 par les mots\u0026nbsp;:\u0026nbsp;\u003C\/p\u003E\u003Cp style=\u0022text-align: justify;\u0022\u003E\u0026#x00AB;\u0026nbsp;,\u0026nbsp;y compris \u0026#x00E0; Wallis-et-Futuna, en Nouvelle-Cal\u0026#x00E9;donie et en Polyn\u0026#x00E9;sie fran\u0026#x00E7;aise.\u0026nbsp;Pour les comptes d\u0026#x2019;acc\u0026#x00E8;s aux services de r\u0026#x00E9;seaux sociaux cr\u0026#x00E9;\u0026#x00E9;s avant cette date, il s\u0026#x2019;applique dans un d\u0026#x00E9;lai de quatre mois \u0026#x00E0; compter de cette date\u0026nbsp;\u0026#x00BB;.\u003C\/p\u003E","avantAppel":{},"exposeSommaire":"\u003Cp style=\u0022text-align: justify;\u0022\u003ELe pr\u0026#x00E9;sent amendement propose de r\u0026#x00E9;\u0026#x00E9;crire l\u0026#x2019;article premier.\u003C\/p\u003E\u003Cp style=\u0022text-align: justify;\u0022\u003EDepuis plusieurs ann\u0026#x00E9;es, les pouvoirs publics sont engag\u0026#x00E9;s dans une action continue de protection des mineurs face aux risques av\u0026#x00E9;r\u0026#x00E9;s et document\u0026#x00E9;s li\u0026#x00E9;s \u0026#x00E0; l\u0026#x2019;usage de certains services num\u0026#x00E9;riques. Cette priorit\u0026#x00E9; s\u0026#x2019;est traduite au niveau europ\u0026#x00E9;en par l\u0026#x2019;adoption du r\u0026#x00E8;glement du\u0026nbsp;19\u0026nbsp;octobre\u0026nbsp;2022 relatif \u0026#x00E0; un march\u0026#x00E9; unique des services num\u0026#x00E9;riques (r\u0026#x00E8;glement DSA), puis, au niveau national, par l\u0026#x2019;adoption de la loi du\u0026nbsp;21\u0026nbsp;mai\u0026nbsp;2024 visant \u0026#x00E0; s\u0026#x00E9;curiser et r\u0026#x00E9;guler l\u0026#x2019;espace num\u0026#x00E9;rique, qui a notamment permis la mise en place de dispositifs de v\u0026#x00E9;rification de l\u0026#x2019;\u0026#x00E2;ge pour l\u0026#x2019;acc\u0026#x00E8;s \u0026#x00E0; certains contenus. Dans la continuit\u0026#x00E9; de cette dynamique, la protection de l\u0026#x2019;enfance en ligne appelle d\u0026#x00E9;sormais l\u0026#x2019;instauration d\u0026#x2019;un \u0026#x00E2;ge minimal pour l\u0026#x2019;acc\u0026#x00E8;s aux r\u0026#x00E9;seaux sociaux.\u003C\/p\u003E\u003Cp style=\u0022text-align: justify;\u0022\u003ELes services de r\u0026#x00E9;seaux sociaux en ligne constituent aujourd\u0026#x2019;hui un m\u0026#x00E9;dia d\u0026#x2019;audience massive aupr\u0026#x00E8;s des jeunes et concentrent, \u0026#x00E0; ce titre, des risques particuli\u0026#x00E8;rement \u0026#x00E9;lev\u0026#x00E9;s pour les enfants. Les travaux parlementaires men\u0026#x00E9;s sur le sujet, ainsi que le rapport de la commission d\u0026#x2019;experts \u0026#x00AB;\u0026nbsp;\u0026#x00C9;crans\u0026nbsp;\u0026#x00BB; remis en avril\u0026nbsp;2024, ont mis en \u0026#x00E9;vidence les menaces sp\u0026#x00E9;cifiques que ces services font peser sur le d\u0026#x00E9;veloppement, la sant\u0026#x00E9; et le bien-\u0026#x00EA;tre des enfants et des adolescents. L\u0026#x2019;avis rendu le 16\u0026nbsp;d\u0026#x00E9;cembre\u0026nbsp;2025 par l\u0026#x2019;Agence nationale de s\u0026#x00E9;curit\u0026#x00E9; sanitaire de l\u0026#x2019;alimentation, de l\u0026#x2019;environnement et du travail apporte \u0026#x00E0; cet \u0026#x00E9;gard un \u0026#x00E9;clairage d\u0026#x00E9;terminant pour fonder et justifier la pr\u0026#x00E9;sente politique publique. Il souligne que les risques associ\u0026#x00E9;s aux r\u0026#x00E9;seaux sociaux ne tiennent pas uniquement aux contenus auxquels les mineurs peuvent \u0026#x00EA;tre expos\u0026#x00E9;s, mais r\u0026#x00E9;sultent \u0026#x00E9;galement, de mani\u0026#x00E8;re structurelle, de la conception m\u0026#x00EA;me de ces services. Fond\u0026#x00E9;s sur des mod\u0026#x00E8;les \u0026#x00E9;conomiques reposant sur la captation et la maximisation de l\u0026#x2019;attention des utilisateurs, les r\u0026#x00E9;seaux sociaux recourent \u0026#x00E0; des m\u0026#x00E9;canismes tels que la diffusion de contenus audiovisuels courts, l\u0026#x2019;encha\u0026#x00EE;nement algorithmique de recommandations, les effets de spirale, les logiques de ciblage comportemental ou encore certaines modalit\u0026#x00E9;s d\u0026#x2019;interaction sociale, qui peuvent exploiter les fragilit\u0026#x00E9;s des utilisateurs, en particulier des plus jeunes. Le rapport de l\u0026#x2019;ANSES qualifie explicitement cette \u0026#x00AB;\u0026nbsp;conception comme source de risque\u0026nbsp;\u0026#x00BB;. Ces constats mettent en \u0026#x00E9;vidence que les risques li\u0026#x00E9;s aux r\u0026#x00E9;seaux sociaux vont bien au-del\u0026#x00E0; des seules probl\u0026#x00E9;matiques de contenus et concernent \u0026#x00E9;galement les comportements en ligne, les interactions sociales, le profilage commercial, ainsi que les ph\u0026#x00E9;nom\u0026#x00E8;nes de harc\u0026#x00E8;lement, de cyberharc\u0026#x00E8;lement, d\u0026#x2019;extorsion ou de manipulation. Les travaux de l\u0026#x2019;ANSES rejoignent en cela, dans des termes similaires, les conclusions de la mission \u0026#x00AB;\u0026nbsp;Enfants et \u0026#x00E9;crans\u0026nbsp;\u0026#x00BB; de 2024, en soulignant que la logique de maximisation de l\u0026#x2019;engagement peut conduire \u0026#x00E0; des parcours d\u0026#x2019;usage marqu\u0026#x00E9;s par des effets de renforcement et de polarisation, exposant progressivement les utilisateurs \u0026#x00E0; des contenus plus extr\u0026#x00EA;mes ou plus clivants. Ces analyses convergent enfin avec celles formul\u0026#x00E9;es par plusieurs organisations internationales, notamment Amnesty International dans son rapport d\u0026#x2019;octobre\u0026nbsp;2025, confirmant le caract\u0026#x00E8;re syst\u0026#x00E9;mique de ces risques et le r\u0026#x00F4;le d\u0026#x00E9;terminant jou\u0026#x00E9; par l\u0026#x2019;architecture et les fonctionnalit\u0026#x00E9;s m\u0026#x00EA;mes des plateformes dans leur survenance, en particulier s\u0026#x2019;agissant des mineurs.\u003C\/p\u003E\u003Cp style=\u0022text-align: justify;\u0022\u003EDans le cadre du dialogue engag\u0026#x00E9; avec la Commission europ\u0026#x00E9;enne, l\u0026#x2019;adoption des lignes directrices relatives \u0026#x00E0; l\u0026#x2019;application de l\u0026#x2019;article\u0026nbsp;28 du r\u0026#x00E8;glement DSA en mati\u0026#x00E8;re de protection de l\u0026#x2019;enfance en ligne a consacr\u0026#x00E9; la pleine l\u0026#x00E9;gitimit\u0026#x00E9; d\u0026#x2019;un \u0026#x00C9;tat membre \u0026#x00E0; fixer, dans son droit national, un seuil d\u0026#x2019;\u0026#x00E2;ge minimal pour l\u0026#x2019;acc\u0026#x00E8;s \u0026#x00E0; un r\u0026#x00E9;seau social. C\u0026#x2019;est sur ce fondement que le pr\u0026#x00E9;sent amendement propose de r\u0026#x00E9;\u0026#x00E9;crire l\u0026#x2019;article\u0026nbsp;1\u003Csup\u003Eer\u003C\/sup\u003E de la proposition de loi afin d\u0026#x2019;instaurer en France une r\u0026#x00E8;gle g\u0026#x00E9;n\u0026#x00E9;rale fixant \u0026#x00E0; 15 ans l\u0026#x2019;\u0026#x00E2;ge minimal pour acc\u0026#x00E9;der aux services de r\u0026#x00E9;seaux sociaux, dans le respect du cadre europ\u0026#x00E9;en.\u0026nbsp;\u003C\/p\u003E\u003Cp style=\u0022text-align: justify;\u0022\u003ECette mesure poursuit un objectif de protection de l\u0026#x2019;enfance en ligne sans porter une atteinte disproportionn\u0026#x00E9;e \u0026#x00E0; la libert\u0026#x00E9; d\u0026#x2019;information des mineurs concern\u0026#x00E9;s, lesquels conservent un acc\u0026#x00E8;s large \u0026#x00E0; internet et peuvent notamment recourir aux moteurs de recherche pour consulter des sites dont les contenus sont publi\u0026#x00E9;s sous la responsabilit\u0026#x00E9; \u0026#x00E9;ditoriale de leurs \u0026#x00E9;diteurs et l\u0026#x00E9;galement accessibles aux mineurs, lire des articles de presse, consulter des blogs, visionner des contenus audiovisuels propos\u0026#x00E9;s par des \u0026#x00E9;diteurs de m\u0026#x00E9;dias ou par des plateformes de partage de vid\u0026#x00E9;os, \u0026#x00E9;couter des programmes radio ou encore s\u0026#x2019;abonner \u0026#x00E0; des lettres d\u0026#x2019;information. En outre, les informations diffus\u0026#x00E9;es par les \u0026#x00E9;diteurs de presse et de m\u0026#x00E9;dias sur leurs comptes de r\u0026#x00E9;seaux sociaux sont, dans la tr\u0026#x00E8;s grande majorit\u0026#x00E9; des cas, initialement publi\u0026#x00E9;es et librement accessibles sur leurs propres sites internet, auxquels les mineurs peuvent continuer d\u0026#x2019;acc\u0026#x00E9;der sans restriction. Ces services constituent des sources d\u0026#x2019;information alternatives et substituables aux r\u0026#x00E9;seaux sociaux.\u003C\/p\u003E\u003Cp style=\u0022text-align: justify;\u0022\u003EPar ailleurs, l\u0026#x2019;interdiction institu\u0026#x00E9;e par le pr\u0026#x00E9;sent amendement ne couvre pas l\u0026#x2019;ensemble des plateformes en ligne\u0026nbsp;: les encyclop\u0026#x00E9;dies collaboratives en ligne, les r\u0026#x00E9;pertoires \u0026#x00E9;ducatifs ou scientifiques, les plateformes de d\u0026#x00E9;veloppement et de partage de logiciels libres, les services sp\u0026#x00E9;cifiquement con\u0026#x00E7;us pour un public mineur et d\u0026#x00E9;pourvus de fonctionnalit\u0026#x00E9;s sociales ouvertes, ainsi que les services de messagerie priv\u0026#x00E9;e fond\u0026#x00E9;s sur des \u0026#x00E9;changes interpersonnels non publics, demeurent express\u0026#x00E9;ment exclus du champ de l\u0026#x2019;interdiction.\u003C\/p\u003E\u003Cp style=\u0022text-align: justify;\u0022\u003EAfin de garantir l\u0026#x2019;effectivit\u0026#x00E9; de la r\u0026#x00E8;gle pos\u0026#x00E9;e par le pr\u0026#x00E9;sent amendement et d\u0026#x2019;\u0026#x00E9;viter tout contournement par des effets de report, le champ d\u0026#x2019;application de l\u0026#x2019;interdiction est d\u0026#x00E9;fini au plus pr\u0026#x00E8;s des usages r\u0026#x00E9;els des services num\u0026#x00E9;riques par les mineurs. Sont ainsi naturellement vis\u0026#x00E9;s les principaux services de r\u0026#x00E9;seaux sociaux en ligne largement utilis\u0026#x00E9;s par les adolescents. Toutefois, le dispositif ne se limite pas \u0026#x00E0; ces seules plateformes\u0026nbsp;: il vise \u0026#x00E9;galement les services qui, ind\u0026#x00E9;pendamment de leur qualification commerciale, pr\u0026#x00E9;sentent les crit\u0026#x00E8;res et fonctionnalit\u0026#x00E9;s caract\u0026#x00E9;ristiques des r\u0026#x00E9;seaux sociaux, notamment lorsqu\u0026#x2019;ils permettent la cr\u0026#x00E9;ation de comptes, l\u0026#x2019;interaction entre utilisateurs, la diffusion publique ou semi-publique de contenus ou la participation \u0026#x00E0; des communaut\u0026#x00E9;s d\u0026#x2019;utilisateurs. Peuvent ainsi \u0026#x00EA;tre concern\u0026#x00E9;s des services lorsqu\u0026#x2019;ils permettent des interactions publiques, certaines fonctionnalit\u0026#x00E9;s semi-publiques de services de messagerie instantan\u0026#x00E9;e, \u0026#x00E0; l\u0026#x2019;exclusion stricte de la messagerie priv\u0026#x00E9;e, ainsi que les fonctionnalit\u0026#x00E9;s sociales int\u0026#x00E9;gr\u0026#x00E9;es \u0026#x00E0; certains jeux vid\u0026#x00E9;o en ligne lorsque ces fonctionnalit\u0026#x00E9;s exposent les utilisateurs \u0026#x00E0; des risques av\u0026#x00E9;r\u0026#x00E9;s en mati\u0026#x00E8;re de contacts, de contenus ou d\u0026#x2019;interactions.\u003C\/p\u003E\u003Cp style=\u0022text-align: justify;\u0022\u003ELes services de r\u0026#x00E9;seaux sociaux se fondent aujourd\u0026#x2019;hui majoritairement sur des d\u0026#x00E9;clarations d\u0026#x2019;\u0026#x00E2;ge, ais\u0026#x00E9;ment contournables et insuffisantes pour garantir une protection effective des mineurs. Afin d\u0026#x2019;assurer l\u0026#x2019;effectivit\u0026#x00E9; de l\u0026#x2019;interdiction pr\u0026#x00E9;vue par le pr\u0026#x00E9;sent amendement, le pr\u0026#x00E9;sent amendement s\u0026#x2019;inscrit dans le cadre europ\u0026#x00E9;en pos\u0026#x00E9; par les lignes directrices de l\u0026#x2019;article\u0026nbsp;28 du DSA. La Commission consid\u0026#x00E8;re que le recours \u0026#x00E0; des restrictions d\u0026#x2019;acc\u0026#x00E8;s fond\u0026#x00E9;es sur des m\u0026#x00E9;thodes de v\u0026#x00E9;rification de l\u0026#x2019;\u0026#x00E2;ge constitue une mesure appropri\u0026#x00E9;e et proportionn\u0026#x00E9;e pour garantir un niveau \u0026#x00E9;lev\u0026#x00E9; de protection de la vie priv\u0026#x00E9;e, de s\u0026#x00FB;ret\u0026#x00E9; et de s\u0026#x00E9;curit\u0026#x00E9; des mineurs, pour divers services qui pr\u0026#x00E9;sentent un risque \u0026#x00E9;lev\u0026#x00E9; pour les mineurs, et notamment lorsque le droit de l\u0026#x2019;Union ou le droit national fixe un \u0026#x00E2;ge minimal pour acc\u0026#x00E9;der \u0026#x00E0; certains produits ou services, dont les services de r\u0026#x00E9;seaux sociaux en ligne. En \u0026#x00E9;tablissant cet \u0026#x00E2;ge minimal \u0026#x00E0; 15 ans, cet amendement s\u0026#x2019;inscrit dans ce cadre\u0026nbsp;: les plateformes devront mettre en \u0026#x0153;uvre des dispositifs de v\u0026#x00E9;rification d\u0026#x2019;\u0026#x00E2;ge pour assurer l\u0026#x2019;effectivit\u0026#x00E9; de cette mesure.\u0026nbsp;\u003C\/p\u003E\u003Cp style=\u0022text-align: justify;\u0022\u003ECes lignes directrices fixent \u0026#x00E9;galement \u0026#x00E0; l\u0026#x2019;\u0026#x00E9;chelle europ\u0026#x00E9;enne les crit\u0026#x00E8;res attendus de conception des outils de v\u0026#x00E9;rification et d\u0026#x2019;estimation d\u0026#x2019;\u0026#x00E2;ge pour garantir l\u0026#x2019;\u0026#x00E9;quilibre entre le respect de la vie priv\u0026#x00E9;e, la protection des donn\u0026#x00E9;es personnelles des utilisateurs et la robustesse de la v\u0026#x00E9;rification de l\u0026#x2019;\u0026#x00E2;ge. L\u0026#x2019;utilisation de m\u0026#x00E9;thodes efficaces d\u0026#x2019;assurance de l\u0026#x2019;\u0026#x00E2;ge devra \u0026#x00EA;tre conforme aux principes pos\u0026#x00E9;s par les lignes directrices\u0026nbsp;: \u0026#x00EA;tre pr\u0026#x00E9;cises, fiables, robustes, non intrusives et non discriminatoires.\u0026nbsp;Plusieurs technologies peuvent \u0026#x00EA;tre envisag\u0026#x00E9;es pour garantir la s\u0026#x00E9;curit\u0026#x00E9; de l\u0026#x2019;usager, comme les tiers de confiance ou les \u0026#x00AB;\u0026nbsp;zero-knowledge proof\u0026nbsp;\u0026#x00BB;.\u003C\/p\u003E\u003Cp style=\u0022text-align: justify;\u0022\u003ELes dispositifs d\u0026#x2019;assurance de l\u0026#x2019;\u0026#x00E2;ge devront \u0026#x00EA;tre op\u0026#x00E9;rationnels \u0026#x00E0; la date d\u0026#x2019;entr\u0026#x00E9;e en vigueur de la loi et conformes aux crit\u0026#x00E8;res techniques d\u0026#x00E9;finis par les lignes directrices adopt\u0026#x00E9;es par la Commission europ\u0026#x00E9;enne pour l\u0026#x2019;application de l\u0026#x2019;article\u0026nbsp;28 du r\u0026#x00E8;glement DSA.\u003C\/p\u003E\u003Cp style=\u0022text-align: justify;\u0022\u003EIl existe d\u0026#x00E9;j\u0026#x00E0; un \u0026#x00E9;cosyst\u0026#x00E8;me d\u0026#x2019;outils et des technologies d\u0026#x2019;estimation ou de v\u0026#x00E9;rification d\u0026#x2019;\u0026#x00E2;ge, qui sont, pour certains, utilis\u0026#x00E9;s sur d\u0026#x2019;autres services que les services de r\u0026#x00E9;seau social pour v\u0026#x00E9;rifier l\u0026#x2019;acc\u0026#x00E8;s \u0026#x00E0; ces sites ou pour limiter l\u0026#x2019;acc\u0026#x00E8;s \u0026#x00E0; certains contenus pr\u0026#x00E9;judiciables. Des solutions d\u0026#x2019;estimation d\u0026#x2019;\u0026#x00E2;ge sont ainsi utilis\u0026#x00E9;es sur des sites \u0026#x00E0; caract\u0026#x00E8;re pornographique ou sur certains services de r\u0026#x00E9;seaux sociaux pour limiter l\u0026#x2019;acc\u0026#x00E8;s \u0026#x00E0; des contenus qui pr\u0026#x00E9;sentent des risques \u0026#x00E9;lev\u0026#x00E9;s pour les mineurs.\u003C\/p\u003E\u003Cp style=\u0022text-align: justify;\u0022\u003ECompl\u0026#x00E9;mentairement \u0026#x00E0; cet \u0026#x00E9;cosyst\u0026#x00E8;me, ces exigences s\u0026#x2019;inscrivent dans une dynamique europ\u0026#x00E9;enne plus large visant \u0026#x00E0; d\u0026#x00E9;velopper des solutions techniques \u0026#x00E0; la fois protectrices et interop\u0026#x00E9;rables. \u0026#x00C0; ce titre, des travaux sont conduits au niveau europ\u0026#x00E9;en, notamment dans le cadre d\u0026#x2019;exp\u0026#x00E9;rimentations initi\u0026#x00E9;es par la Commission, auxquelles la France participe activement en tant que pays pilote. Ces travaux portent en particulier sur le dispositif dit de \u0026#x00AB;\u0026nbsp;mini-wallet\u0026nbsp;\u0026#x00BB;, destin\u0026#x00E9; \u0026#x00E0; permettre la transmission d\u0026#x2019;un signal d\u0026#x2019;\u0026#x00E2;ge strictement limit\u0026#x00E9; \u0026#x00E0; l\u0026#x2019;atteinte ou non du seuil requis, sans communication de donn\u0026#x00E9;es d\u0026#x2019;identit\u0026#x00E9; suppl\u0026#x00E9;mentaires. L\u0026#x2019;objectif est une mise \u0026#x00E0; disposition de ce dispositif aupr\u0026#x00E8;s du public \u0026#x00E0; l\u0026#x2019;horizon 2026.\u003C\/p\u003E\u003Cp style=\u0022text-align: justify;\u0022\u003EConcr\u0026#x00E8;tement, le pr\u0026#x00E9;sent amendement proc\u0026#x00E8;de ainsi \u0026#x00E0; une r\u0026#x00E9;\u0026#x00E9;criture g\u0026#x00E9;n\u0026#x00E9;rale de l\u0026#x2019;article\u0026nbsp;1\u003Csup\u003Eer\u003C\/sup\u003E de la proposition de loi. Il vise \u0026#x00E0; ins\u0026#x00E9;rer un nouvel article dans la loi n\u0026#x00B0; 2004\u0026#x2011;575 du\u0026nbsp;21\u0026nbsp;juin\u0026nbsp;2004 pour la confiance dans l\u0026#x2019;\u0026#x00E9;conomie num\u0026#x00E9;rique afin d\u0026#x2019;\u0026#x00E9;tablir l\u0026#x2019;interdiction d\u0026#x2019;acc\u0026#x00E8;s aux r\u0026#x00E9;seaux sociaux pour les mineurs de moins de quinze ans, conform\u0026#x00E9;ment au cadre fix\u0026#x00E9; par le r\u0026#x00E8;glement DSA et par les lignes directrices de la Commission europ\u0026#x00E9;enne relatives \u0026#x00E0; son article\u0026nbsp;28.\u003C\/p\u003E\u003Cp style=\u0022text-align: justify;\u0022\u003ELa cat\u0026#x00E9;gorie des r\u0026#x00E9;seaux sociaux vis\u0026#x00E9;s par la r\u0026#x00E8;gle d\u0026#x2019;interdiction est d\u0026#x00E9;finie par r\u0026#x00E9;f\u0026#x00E9;rence aux d\u0026#x00E9;finitions port\u0026#x00E9;es par le droit de l\u0026#x2019;Union au sein du r\u0026#x00E8;glement DSA ainsi que du r\u0026#x00E8;glement du\u0026nbsp;14\u0026nbsp;septembre\u0026nbsp;2022 relatif aux march\u0026#x00E9;s contestables et \u0026#x00E9;quitables dans le secteur num\u0026#x00E9;rique, dit r\u0026#x00E8;glement DMA (Digital Markets Act). Le dispositif pr\u0026#x00E9;voit par ailleurs une disposition expresse pour le traitement des comptes de r\u0026#x00E9;seaux sociaux cr\u0026#x00E9;\u0026#x00E9;s avant la date d\u0026#x2019;entr\u0026#x00E9;e en vigueur de la loi et exclut du champ d\u0026#x2019;application les encyclop\u0026#x00E9;dies et r\u0026#x00E9;pertoires en ligne \u0026#x00E9;ducatifs \u0026#x00E0; but non lucratif. Le r\u0026#x00E9;gime de sanction est strictement plac\u0026#x00E9; dans le cadre de gouvernance du r\u0026#x00E8;glement DSA, en confiant la mission de contr\u0026#x00F4;le \u0026#x00E0; l\u0026#x2019;Autorit\u0026#x00E9; de r\u0026#x00E9;gulation de la communication audiovisuelle et num\u0026#x00E9;rique (ARCOM), dans les conditions pr\u0026#x00E9;vues par la loi dite \u0026#x00AB;\u0026nbsp;SREN\u0026nbsp;\u0026#x00BB; et par les pr\u0026#x00E9;rogatives qui sont les siennes au titre du r\u0026#x00E8;glement DSA.\u003C\/p\u003E","annexeExposeSommaire":{}}},"cycleDeVie":{"dateDepot":"2026-01-22","datePublication":"2026-01-26","soumisArticle40":"false","etatDesTraitements":{"etat":{"code":"DI","libelle":"Discut\u00e9"},"sousEtat":{"code":"DI","libelle":"Adopt\u00e9"}},"dateSort":"2026-01-26T19:47:35+01:00","sort":"Adopt\u00e9"},"representations":{"representation":{"nom":"PDF","typeMime":{"type":"application","subType":"PDF"},"statutRepresentation":{"verbatim":"true","canonique":"true","officielle":"true","transcription":"false","enregistrement":"false"},"repSource":{},"offset":{},"contenu":{"documentURI":"\/base\/AMANR5L17PO838901BTC2341P0D1N000039?format=pdf"},"dateDispoRepresentation":{}}},"seanceDiscussionRef":"RUANR5L17S2026IDS30178","article99":"false","loiReference":{"codeLoi":"0.1","divisionCodeLoi":{}},"discussionCommune":{"idDiscussion":"36331","typePosition":"Milieu"},"discussionIdentique":{"idDiscussion":"86341","typePosition":"Milieu"},"accordGouvernementDepotHorsDelai":"Sans objet"}