{"uid":"AMANR5L17PO838901BTC2453P0D1N000091","chronotag":"1771521955519","legislature":"17","identification":{"numeroLong":"91","numeroOrdreDepot":"91","prefixeOrganeExamen":"AN","numeroRect":"0"},"examenRef":"EXANR5L17PO838901BTC2453P0D1","texteLegislatifRef":"PIONANR5L17BTC2453","triAmendement":"bcaaaaaaaaaaaaaaaaaaaaaaaaaaaaaaaaaaaaaaaaaaaaaaaadsksp","cardinaliteAmdtMultiples":"1","amendementParentRef":{},"signataires":{"auteur":{"typeAuteur":"D\u00e9put\u00e9","gouvernementRef":{},"acteurRef":"PA840979","groupePolitiqueRef":"PO845425","auteurRapporteurOrganeRef":{}},"cosignataires":{"acteurRef":["PA608416","PA719968","PA793508","PA774954","PA720386","PA794994","PA643104","PA793094"]},"suffixe":{},"libelle":" M.\u0026#160;Le\u0026#160;Fur,  M.\u0026#160;Hetzel, Mme\u0026#160;Sylvie\u0026#160;Bonnet, M.\u0026#160;Brigand, Mme\u0026#160;Blin, M.\u0026#160;Di\u0026#160;Filippo, M.\u0026#160;Portier, Mme\u0026#160;Minard et M.\u0026#160;Ray"},"pointeurFragmentTexte":{"partieAmendableRef":{},"division":{"titre":"Article 4","articleDesignationCourte":"ART. 4","articleDesignation":"ARTICLE 4","type":"ARTICLE","avant_A_Apres":"A","divisionRattachee":{},"articleAdditionnel":"false","chapitreAdditionnel":"false","urlDivisionTexteVise":"\/17\/textes\/2453.asp#D_Article_4"},"amendementStandard":{"alinea":{"avant_A_Apres":{},"numero":"7","alineaDesignation":"Alin\u00e9a 7"}}},"corps":{"cartoucheInformatif":{},"contenuAuteur":{"dispositif":"\u003Cp style=\u0022text-align: justify;\u0022\u003E\u0026#x00C0;\u0026nbsp;l\u0026#x2019;alin\u0026#x00E9;a\u0026nbsp;7, supprimer les mots\u0026nbsp;:\u0026nbsp;\u003C\/p\u003E\u003Cp style=\u0022text-align: justify;\u0022\u003E\u0026#x00AB;\u0026nbsp;,\u0026nbsp;en phase avanc\u0026#x00E9;e, caract\u0026#x00E9;ris\u0026#x00E9;e par l\u0026#x2019;entr\u0026#x00E9;e dans un processus irr\u0026#x00E9;versible marqu\u0026#x00E9; par l\u0026#x2019;aggravation de l\u0026#x2019;\u0026#x00E9;tat de sant\u0026#x00E9; de la personne malade qui affecte sa qualit\u0026#x00E9; de vie, ou\u0026nbsp;\u0026#x00BB;.\u003C\/p\u003E","avantAppel":{},"exposeSommaire":"\u003Cp style=\u0022text-align: justify;\u0022\u003EEn raison de son caract\u0026#x00E8;re impr\u0026#x00E9;cis, la notion de \u0026#x00AB;\u0026nbsp;phase avanc\u0026#x00E9;e\u0026nbsp;\u0026#x00BB; est susceptible d\u0026#x2019;ouvrir la voie \u0026#x00E0; des interpr\u0026#x00E9;tations extensives et \u0026#x00E0; des d\u0026#x00E9;rives, telles qu\u0026#x2019;elles ont pu \u0026#x00EA;tre constat\u0026#x00E9;es dans des pays ayant d\u0026#x00E9;j\u0026#x00E0; l\u0026#x00E9;gif\u0026#x00E9;r\u0026#x00E9; en la mati\u0026#x00E8;re, o\u0026#x00F9; des personnes qui ne se trouvent pas en fin de vie ont pu acc\u0026#x00E9;der au suicide assist\u0026#x00E9; ou \u0026#x00E0; l\u0026#x2019;euthanasie.\u003C\/p\u003E\u003Cp style=\u0022text-align: justify;\u0022\u003EAfin de pr\u0026#x00E9;venir au maximum de telles d\u0026#x00E9;rives, il appara\u0026#x00EE;t indispensable de s\u0026#x2019;en tenir \u0026#x00E0; des crit\u0026#x00E8;res stricts, objectifs et clairement d\u0026#x00E9;finis. Le pr\u0026#x00E9;sent amendement propose donc de supprimer la notion de \u0026#x00AB;\u0026nbsp;phase avanc\u0026#x00E9;e\u0026nbsp;\u0026#x00BB; pour s\u0026#x2019;en tenir \u0026#x00E0; la seule notion de \u0026#x00AB;\u0026nbsp;phase terminale\u0026nbsp;\u0026#x00BB;.\u003C\/p\u003E","annexeExposeSommaire":{}}},"cycleDeVie":{"dateDepot":"2026-02-06","datePublication":"2026-02-17","soumisArticle40":"false","etatDesTraitements":{"etat":{"code":"DI","libelle":"Discut\u00e9"},"sousEtat":{"code":"DI","libelle":"Rejet\u00e9"}},"dateSort":"2026-02-19T18:25:24+01:00","sort":"Rejet\u00e9"},"representations":{"representation":{"nom":"PDF","typeMime":{"type":"application","subType":"PDF"},"statutRepresentation":{"verbatim":"true","canonique":"true","officielle":"true","transcription":"false","enregistrement":"false"},"repSource":{},"offset":{},"contenu":{"documentURI":"\/base\/AMANR5L17PO838901BTC2453P0D1N000091?format=pdf"},"dateDispoRepresentation":{}}},"seanceDiscussionRef":"RUANR5L17S2026IDS30306","article99":"false","loiReference":{"codeLoi":"1","divisionCodeLoi":{}},"discussionCommune":{"idDiscussion":"36953","typePosition":"Milieu"},"discussionIdentique":{"idDiscussion":"86911","typePosition":"Premier"},"accordGouvernementDepotHorsDelai":"Sans objet"}