{"uid":"AMANR5L17PO838901BTC2453P0D1N000734","chronotag":"1771521985604","legislature":"17","identification":{"numeroLong":"734","numeroOrdreDepot":"734","prefixeOrganeExamen":"AN","numeroRect":"0"},"examenRef":"EXANR5L17PO838901BTC2453P0D1","texteLegislatifRef":"PIONANR5L17BTC2453","triAmendement":"bcaaaaaaaaaaaaaaaaaaaaaaaaaaaaaaaaaaaaaaaaaaaaaaaadsktu","cardinaliteAmdtMultiples":"1","amendementParentRef":{},"signataires":{"auteur":{"typeAuteur":"D\u00e9put\u00e9","gouvernementRef":{},"acteurRef":"PA605745","groupePolitiqueRef":"PO845514","auteurRapporteurOrganeRef":{}},"cosignataires":{"acteurRef":["PA796106","PA795868","PA721896","PA795998","PA795876","PA842299"]},"suffixe":{},"libelle":" M.\u0026#160;Sansu,  M.\u0026#160;B\u0026#233;nard, M.\u0026#160;Castor, Mme\u0026#160;Faucillon, Mme\u0026#160;K\/Bidi, M.\u0026#160;Rimane et M.\u0026#160;Tjibaou"},"pointeurFragmentTexte":{"partieAmendableRef":{},"division":{"titre":"Article 4","articleDesignationCourte":"ART. 4","articleDesignation":"ARTICLE 4","type":"ARTICLE","avant_A_Apres":"A","divisionRattachee":{},"articleAdditionnel":"false","chapitreAdditionnel":"false","urlDivisionTexteVise":"\/17\/textes\/2453.asp#D_Article_4"},"amendementStandard":{"alinea":{"avant_A_Apres":{},"numero":"7","alineaDesignation":"Alin\u00e9a 7"}}},"corps":{"cartoucheInformatif":{},"contenuAuteur":{"dispositif":"\u003Cp style=\u0022text-align: justify;\u0022\u003EI.\u0026nbsp;\u0026#x2013;\u0026nbsp;A la fin de l\u0026#x2019;alin\u0026#x00E9;a\u0026nbsp;7, substituer aux mots\u0026nbsp;:\u003C\/p\u003E\u003Cp style=\u0022text-align: justify;\u0022\u003E\u0026#x00AB;\u0026nbsp;,\u0026nbsp;en phase avanc\u0026#x00E9;e, caract\u0026#x00E9;ris\u0026#x00E9;e par l\u0026#x2019;entr\u0026#x00E9;e dans un processus irr\u0026#x00E9;versible marqu\u0026#x00E9; par l\u0026#x2019;aggravation de l\u0026#x2019;\u0026#x00E9;tat de sant\u0026#x00E9; de la personne malade qui affecte sa qualit\u0026#x00E9; de vie, ou en phase terminale\u0026nbsp;\u0026#x00BB;\u003C\/p\u003E\u003Cp style=\u0022text-align: justify;\u0022\u003Eles mots\u0026nbsp;:\u003C\/p\u003E\u003Cp style=\u0022text-align: justify;\u0022\u003E\u0026#x00AB;\u0026nbsp;et affecte sa qualit\u0026#x00E9; de vie\u0026nbsp;\u0026#x00BB;.\u003C\/p\u003E\u003Cp style=\u0022text-align: justify;\u0022\u003EII.\u0026nbsp;\u0026#x2013;\u0026nbsp;En conse\u0026#x0301;quence, comple\u0026#x0301;\u003Ci\u003Eter\u003C\/i\u003E cet article par l\u0026#x2019;aline\u0026#x0301;a suivant\u0026nbsp;:\u003C\/p\u003E\u003Cp style=\u0022text-align: justify;\u0022\u003E\u0026#x00AB;\u0026nbsp;II.\u0026nbsp;\u0026#x2013;\u0026nbsp;L\u0026#x2019;article\u0026nbsp;18 de la pre\u0026#x0301;sente proposition de loi n\u0026#x2019;est pas applicable aux actes re\u0026#x0301;alise\u0026#x0301;s en application de l\u0026#x2019;article\u0026nbsp;L.\u0026nbsp;1111\u0026#x2011;12\u0026#x2011;2 du code de la sante\u0026#x0301; publique.\u0026nbsp;\u0026#x00BB;\u003C\/p\u003E","avantAppel":{},"exposeSommaire":"\u003Cp\u003ECet amendement, issu de propositions formul\u0026#x00E9;es par la MGEN,\u0026nbsp;vise a\u0026#x0300; supprimer la re\u0026#x0301;fe\u0026#x0301;rence a\u0026#x0300; la notion de \u0026#x00AB; phase avance\u0026#x0301;e ou terminale \u0026#x00BB; trop impre\u0026#x0301;cise. Cet amendement permet ainsi de recentrer les crite\u0026#x0300;res d\u0026#x2019;acce\u0026#x0300;s a\u0026#x0300; l\u0027aide a\u0026#x0300; mourir sur la gravite\u0026#x0301; et l\u0026#x2019;incurabilite\u0026#x0301; de l\u0026#x2019;affection et les souffrances ressenties par la personne malade.\u003C\/p\u003E\u003Cp\u003ELe dispositif pre\u0026#x0301;voit d\u0026#x2019;exclure la prise en charge de cette extension des conditions d\u0026#x2019;acce\u0026#x0300;s a\u0026#x0300; l\u0026#x2019;aide a\u0026#x0300; mourir au titre de l\u0026#x2019;article 18 de la pre\u0026#x0301;sente proposition de loi afin de garantir la recevabilite\u0026#x0301; financie\u0026#x0300;re de l\u0026#x2019;amendement et sa mise en discussion. Les auteurs de cet amendement souhaitent toutefois une prise en charge inte\u0026#x0301;grale de l\u0026#x2019;aide a\u0026#x0300; mourir quelle que soit la modalite\u0026#x0301; de la demande.\u003C\/p\u003E","annexeExposeSommaire":{}}},"cycleDeVie":{"dateDepot":"2026-02-11","datePublication":"2026-02-18","soumisArticle40":"true","etatDesTraitements":{"etat":{"code":"DI","libelle":"Discut\u00e9"},"sousEtat":{"code":"DI","libelle":"Rejet\u00e9"}},"dateSort":"2026-02-19T18:25:55+01:00","sort":"Rejet\u00e9"},"representations":{"representation":{"nom":"PDF","typeMime":{"type":"application","subType":"PDF"},"statutRepresentation":{"verbatim":"true","canonique":"true","officielle":"true","transcription":"false","enregistrement":"false"},"repSource":{},"offset":{},"contenu":{"documentURI":"\/base\/AMANR5L17PO838901BTC2453P0D1N000734?format=pdf"},"dateDispoRepresentation":{}}},"seanceDiscussionRef":"RUANR5L17S2026IDS30306","article99":"false","loiReference":{},"discussionCommune":{"idDiscussion":"36953","typePosition":"Dernier"},"discussionIdentique":{},"accordGouvernementDepotHorsDelai":"Sans objet"}