{"uid":"AMANR5L17PO838901BTC2453P0D1N001121","chronotag":"1771521957378","legislature":"17","identification":{"numeroLong":"1121","numeroOrdreDepot":"1121","prefixeOrganeExamen":"AN","numeroRect":"0"},"examenRef":"EXANR5L17PO838901BTC2453P0D1","texteLegislatifRef":"PIONANR5L17BTC2453","triAmendement":"bcaaaaaaaaaaaaaaaaaaaaaaaaaaaaaaaaaaaaaaaaaaaaaaaadsktp","cardinaliteAmdtMultiples":"1","amendementParentRef":{},"signataires":{"auteur":{"typeAuteur":"D\u00e9put\u00e9","gouvernementRef":{},"acteurRef":"PA346782","groupePolitiqueRef":"PO845425","auteurRapporteurOrganeRef":{}},"cosignataires":{"acteurRef":["PA840979","PA793508","PA722390","PA842141","PA642847","PA793094"]},"suffixe":{},"libelle":" M.\u0026#160;Juvin,  M.\u0026#160;Le\u0026#160;Fur, M.\u0026#160;Brigand, Mme\u0026#160;Corneloup, Mme\u0026#160;de\u0026#160;Maistre, M.\u0026#160;Bazin et M.\u0026#160;Ray"},"pointeurFragmentTexte":{"partieAmendableRef":{},"division":{"titre":"Article 4","articleDesignationCourte":"ART. 4","articleDesignation":"ARTICLE 4","type":"ARTICLE","avant_A_Apres":"A","divisionRattachee":{},"articleAdditionnel":"false","chapitreAdditionnel":"false","urlDivisionTexteVise":"\/17\/textes\/2453.asp#D_Article_4"},"amendementStandard":{"alinea":{"avant_A_Apres":{},"numero":"7","alineaDesignation":"Alin\u00e9a 7"}}},"corps":{"cartoucheInformatif":{},"contenuAuteur":{"dispositif":"\u003Cp style=\u0022text-align: justify;\u0022\u003E\u0026#x00C0; la fin de l\u0026#x2019;alin\u0026#x00E9;a\u0026nbsp;7, substituer aux mots\u0026nbsp;:\u003C\/p\u003E\u003Cp style=\u0022text-align: justify;\u0022\u003E\u0026#x00AB;\u0026nbsp;en phase avanc\u0026#x00E9;e, caract\u0026#x00E9;ris\u0026#x00E9;e par l\u0026#x2019;entr\u0026#x00E9;e dans un processus irr\u0026#x00E9;versible marqu\u0026#x00E9; par l\u0026#x2019;aggravation de l\u0026#x2019;\u0026#x00E9;tat de sant\u0026#x00E9; de la personne malade qui affecte sa qualit\u0026#x00E9; de vie, ou en phase terminale\u0026nbsp;;\u0026nbsp;\u0026#x00BB;.\u003C\/p\u003E\u003Cp style=\u0022text-align: justify;\u0022\u003Eles mots\u0026nbsp;:\u003C\/p\u003E\u003Cp style=\u0022text-align: justify;\u0022\u003E\u0026#x00AB;\u0026nbsp;\u0026#x00E0; court terme\u0026nbsp;;\u0026nbsp;\u0026#x00BB;.\u003C\/p\u003E","avantAppel":{},"exposeSommaire":"\u003Cp\u003ELe pr\u0026#x00E9;sent amendement vise \u0026#x00E0; ajouter la notion de court terme parmi les conditions d\u0027acc\u0026#x00E8;s \u0026#x00E0; l\u0027euthanasie ou suicide assist\u0026#x00E9;.\u003C\/p\u003E","annexeExposeSommaire":{}}},"cycleDeVie":{"dateDepot":"2026-02-12","datePublication":"2026-02-17","soumisArticle40":"false","etatDesTraitements":{"etat":{"code":"DI","libelle":"Discut\u00e9"},"sousEtat":{"code":"DI","libelle":"Rejet\u00e9"}},"dateSort":"2026-02-19T18:25:42+01:00","sort":"Rejet\u00e9"},"representations":{"representation":{"nom":"PDF","typeMime":{"type":"application","subType":"PDF"},"statutRepresentation":{"verbatim":"true","canonique":"true","officielle":"true","transcription":"false","enregistrement":"false"},"repSource":{},"offset":{},"contenu":{"documentURI":"\/base\/AMANR5L17PO838901BTC2453P0D1N001121?format=pdf"},"dateDispoRepresentation":{}}},"seanceDiscussionRef":"RUANR5L17S2026IDS30306","article99":"false","loiReference":{},"discussionCommune":{"idDiscussion":"36953","typePosition":"Milieu"},"discussionIdentique":{},"accordGouvernementDepotHorsDelai":"Sans objet"}