{"uid":"AMANR5L17PO838901BTC2453P0D1N001454","chronotag":"1771493367875","legislature":"17","identification":{"numeroLong":"1454","numeroOrdreDepot":"1454","prefixeOrganeExamen":"AN","numeroRect":"0"},"examenRef":"EXANR5L17PO838901BTC2453P0D1","texteLegislatifRef":"PIONANR5L17BTC2453","triAmendement":"akaaaaaaaaaaaaaaaaaaaaaaaaaaaaaaaaaaaaaaaaaaaaaaaaizyzue","cardinaliteAmdtMultiples":"1","amendementParentRef":{},"signataires":{"auteur":{"typeAuteur":"D\u00e9put\u00e9","gouvernementRef":{},"acteurRef":"PA719632","groupePolitiqueRef":"PO845407","auteurRapporteurOrganeRef":{}},"cosignataires":{"acteurRef":["PA721844","PA719412"]},"suffixe":{},"libelle":" Mme\u0026#160;Panonacle,  Mme\u0026#160;Piron et Mme\u0026#160;Le\u0026#160;Feur"},"pointeurFragmentTexte":{"partieAmendableRef":{},"division":{"titre":"Article 2","articleDesignationCourte":"ART. 2","articleDesignation":"ARTICLE 2","type":"ARTICLE","avant_A_Apres":"A","divisionRattachee":{},"articleAdditionnel":"false","chapitreAdditionnel":"false","urlDivisionTexteVise":"\/17\/textes\/2453.asp#D_Article_2"},"amendementStandard":{"alinea":{"avant_A_Apres":{},"numero":"6","alineaDesignation":"Alin\u00e9a 6"}}},"corps":{"cartoucheInformatif":{},"contenuAuteur":{"dispositif":"\u003Cp style=\u0022text-align: justify;\u0022\u003E\u0026#x00C0;\u0026nbsp;l\u0026#x2019;alin\u0026#x00E9;a\u0026nbsp;6, supprimer les mots\u0026nbsp;:\u003C\/p\u003E\u003Cp style=\u0022text-align: justify;\u0022\u003E\u0026#x00AB;\u0026nbsp;,\u0026nbsp;lorsqu\u0026#x2019;elle n\u0026#x2019;est physiquement pas en mesure de le faire,\u0026nbsp;\u0026#x00BB;\u003C\/p\u003E","avantAppel":{},"exposeSommaire":"\u003Cp\u003ECet amendement vise \u0026#x00E0; permettre \u0026#x00E0; la personne malade de choisir la modalit\u0026#x00E9; de l\u0026#x2019;aide \u0026#x00E0; mourir qui la s\u0026#x00E9;curise le plus. La proposition de loi vot\u0026#x00E9;e en premi\u0026#x00E8;re lecture \u0026#x00E9;tablit en effet une forme de discrimination fond\u0026#x00E9;e sur la \u0026#x00AB; capacit\u0026#x00E9; physique \u0026#x00BB; de la personne malade \u0026#x00E0; proc\u0026#x00E9;der ou non \u0026#x00E0; l\u0026#x2019;administration.\u003Cbr\u003EOutre le fait que devoir juger de la capacit\u0026#x00E9; physique d\u0026#x2019;une personne malade en fin de vie \u0026#x00E0; s\u0026#x2019;auto-administrer la substance l\u0026#x00E9;tale risque de cr\u0026#x00E9;er des tensions dans la pratique, cette d\u0026#x00E9;finition ne prend pas en compte les situations o\u0026#x00F9; la personne malade ne serait pas en mesure de proc\u0026#x00E9;der \u0026#x00E0; l\u0026#x2019;auto-administration pour des raisons autres que physiques, par exemple en raison d\u0026#x2019;une angoisse importante, ou ne souhaiterait pas le faire pour des raisons personnelles (par exemple le souhait de ne pas laisser cette derni\u0026#x00E8;re image \u0026#x00E0; ses proches), ou encore parce qu\u0026#x2019;elle se sentirait plus s\u0026#x00E9;curis\u0026#x00E9;e par un accompagnement soignant, par peur de mal r\u0026#x00E9;aliser ce qui rel\u0026#x00E8;ve d\u0026#x2019;un geste m\u0026#x00E9;dical et technique ou par crainte de complications.\u003Cbr\u003ECette d\u0026#x00E9;finition ne laisse pas non plus la possibilit\u0026#x00E9; aux soignants qui le souhaiteraient et y trouveraient du sens d\u0026#x2019;accompagner la personne en administrant le produit, en accord avec elle. Ce choix doit relever d\u0026#x2019;une d\u0026#x00E9;cision partag\u0026#x00E9;e entre la personne malade et le soignant qui l\u0026#x2019;accompagne.\u003Cbr\u003EPar ailleurs, il est important de noter que dans les pays o\u0026#x00F9; le choix est laiss\u0026#x00E9; aux personnes malades de s\u0026#x2019;auto-administrer la substance ou d\u0026#x2019;\u0026#x00EA;tre assist\u0026#x00E9;es par un tiers, la quasi-totalit\u0026#x00E9; choisit d\u0026#x2019;\u0026#x00EA;tre assist\u0026#x00E9;e. De plus, consid\u0026#x00E9;rer l\u0026#x2019;assistance par un tiers comme une exception entretient une hi\u0026#x00E9;rarchie de jugement moral envers la personne malade comme envers le soignant qui accomplit l\u0026#x2019;acte.\u003Cbr\u003ENous rappelons enfin qu\u0026#x2019;il est essentiel que l\u0026#x2019;administration soit assist\u0026#x00E9;e ou r\u0026#x00E9;alis\u0026#x00E9;e par un professionnel de sant\u0026#x00E9; volontaire. Comme pour tout autre accompagnement de fin de vie, les personnes malades et leurs proches attendent des soignants qu\u0026#x2019;ils les s\u0026#x00E9;curisent physiquement et psychologiquement. Aucune l\u0026#x00E9;gislation ne pr\u0026#x00E9;voit la possibilit\u0026#x00E9; qu\u0026#x2019;un tiers non soignant, possiblement un proche, puisse assister la personne malade. Nous n\u0026#x2019;avons aucun recul sur l\u0026#x2019;impact d\u0026#x2019;un tel geste sur les proches ni sur les relations familiales.\u003Cbr\u003EIl convient au contraire de permettre aux proches de se concentrer pleinement sur la pr\u0026#x00E9;sence et l\u0026#x2019;accompagnement des derniers instants. Enfin, le risque de complications existe, d\u0026#x2019;autant plus chez des personnes affaiblies par leur pathologie (fausse route, convulsions, vomissements, reprise de conscience\u0026#x2026;). Une telle modalit\u0026#x00E9; ne garantit ni la qualit\u0026#x00E9; ni la s\u0026#x00E9;curit\u0026#x00E9; de l\u0026#x2019;acte, pour la personne malade comme pour ses proches, qui pourraient vivre un deuil traumatique.\u003C\/p\u003E\u003Cp\u003ECet amendement a \u0026#x00E9;t\u0026#x00E9; travaill\u0026#x00E9; avec l\u0027ARSLA\u0026nbsp;et France Assos Sant\u0026#x00E9;.\u003C\/p\u003E","annexeExposeSommaire":{}}},"cycleDeVie":{"dateDepot":"2026-02-12","datePublication":"2026-02-19","soumisArticle40":"true","etatDesTraitements":{"etat":{"code":"DI","libelle":"Discut\u00e9"},"sousEtat":{"code":"DI","libelle":"Rejet\u00e9"}},"dateSort":"2026-02-19T10:29:20+01:00","sort":"Rejet\u00e9"},"representations":{"representation":{"nom":"PDF","typeMime":{"type":"application","subType":"PDF"},"statutRepresentation":{"verbatim":"true","canonique":"true","officielle":"true","transcription":"false","enregistrement":"false"},"repSource":{},"offset":{},"contenu":{"documentURI":"\/base\/AMANR5L17PO838901BTC2453P0D1N001454?format=pdf"},"dateDispoRepresentation":{}}},"seanceDiscussionRef":"RUANR5L17S2026IDS30305","article99":"false","loiReference":{"codeLoi":"1","divisionCodeLoi":{}},"discussionCommune":{},"discussionIdentique":{"idDiscussion":"86965","typePosition":"Milieu"},"accordGouvernementDepotHorsDelai":"Sans objet"}