{"uid":"AMANR5L17PO838901BTC3018P0D1N000649","chronotag":"1784237612464","legislature":"17","identification":{"numeroLong":"649","numeroOrdreDepot":"649","prefixeOrganeExamen":"AN","numeroRect":"0"},"examenRef":"EXANR5L17PO838901BTC3018P0D1","texteLegislatifRef":"PRJLANR5L17BTC3018","triAmendement":"buaaaaaaaaaaaaaaaaaaaaaaaaaaaaaaaaaaaaaaaaaaaaaaaakjk","cardinaliteAmdtMultiples":"1","amendementParentRef":{},"signataires":{"auteur":{"typeAuteur":"Gouvernement","gouvernementRef":"PO873634","acteurRef":{},"groupePolitiqueRef":{},"auteurRapporteurOrganeRef":{}},"cosignataires":{},"suffixe":{},"libelle":" le Gouvernement"},"pointeurFragmentTexte":{"partieAmendableRef":{},"division":{"titre":"Article 5","articleDesignationCourte":"ART. 5","articleDesignation":"ARTICLE 5","type":"ARTICLE","avant_A_Apres":"A","divisionRattachee":{},"articleAdditionnel":"false","chapitreAdditionnel":"false","urlDivisionTexteVise":"\/17\/textes\/3018.asp#D_Article_5"},"amendementStandard":{"alinea":{"avant_A_Apres":{},"numero":"107","alineaDesignation":"Alin\u00e9a 107"}}},"corps":{"cartoucheInformatif":{},"contenuAuteur":{"dispositif":"\u003Cp style=\u0022text-align: justify;\u0022\u003ESupprimer les alin\u0026#x00E9;as 107 \u0026#x00E0; 144.\u003C\/p\u003E","avantAppel":{},"exposeSommaire":"\u003Cp\u003ELe pr\u0026#x00E9;sent amendement supprime les articles L. 133-6-3, L. 133-6-4, L. 133-6-5 et L. 133-6-6 du code de l\u0026#x2019;action sociale et des familles, introduits en commission, qui pr\u0026#x00E9;voient une extension particuli\u0026#x00E8;rement large du dispositif de contr\u0026#x00F4;le des ant\u0026#x00E9;c\u0026#x00E9;dents judiciaires et de v\u0026#x00E9;rification de l\u0026#x2019;honorabilit\u0026#x00E9;.\u003C\/p\u003E\u003Cp\u003ESi l\u0026#x2019;objectif de protection des publics vuln\u0026#x00E9;rables est pleinement partag\u0026#x00E9;, une extension g\u0026#x00E9;n\u0026#x00E9;ralis\u0026#x00E9;e de ces contr\u0026#x00F4;les appara\u0026#x00EE;t contraire au principe de proportionnalit\u0026#x00E9;, d\u0026#x00E8;s lors que tous les professionnels et intervenants ne sont pas expos\u0026#x00E9;s au m\u0026#x00EA;me niveau de responsabilit\u0026#x00E9; ou de risque.\u003C\/p\u003E\u003Cp\u003EEn particulier, l\u0026#x2019;activit\u0026#x00E9; aupr\u0026#x00E8;s de mineurs telle que d\u0026#x00E9;finie tr\u0026#x00E8;s extensivement \u0026#x00E0; l\u0026#x2019;alin\u0026#x00E9;a 140 impliquerait \u0026#x00AB;\u0026nbsp;toute activit\u0026#x00E9; exerc\u0026#x00E9;e, \u0026#x00E0; titre professionnel ou non, impliquant une pr\u0026#x00E9;sence physique ou une interaction, directe ou indirecte, y compris par voie num\u0026#x00E9;rique ou \u0026#x00E0; distance, r\u0026#x00E9;guli\u0026#x00E8;re ou occasionnelle, avec des mineurs\u0026nbsp;\u0026#x00BB;. Une telle r\u0026#x00E9;daction reviendrait \u0026#x00E0; contr\u0026#x00F4;ler des personnes accueillant ponctuellement des mineurs dans un cadre priv\u0026#x00E9;, \u0026#x00E0; l\u0026#x2019;occasion, par exemple, d\u0026#x2019;un go\u0026#x00FB;ter d\u0026#x2019;anniversaire. Une telle extension du champ des personnes \u0026#x00E0; contr\u0026#x00F4;ler nuirait fortement \u0026#x00E0; la coh\u0026#x00E9;rence et \u0026#x00E0; l\u0026#x2019;acceptabilit\u0026#x00E9; du dispositif.\u003C\/p\u003E\u003Cp\u003EEn outre, le Gouvernement a engag\u0026#x00E9; une d\u0026#x00E9;marche de rationalisation des dispositifs existants, notamment \u0026#x00E0; travers une r\u0026#x00E9;flexion sur la cr\u0026#x00E9;ation d\u0026#x2019;un service \u0026#x00E0; comp\u0026#x00E9;tence nationale charg\u0026#x00E9; d\u0026#x2019;harmoniser les pratiques de contr\u0026#x00F4;le, de renforcer la qualit\u0026#x00E9; des proc\u0026#x00E9;dures et de s\u0026#x00E9;curiser juridiquement les d\u0026#x00E9;cisions prises.\u003C\/p\u003E\u003Cp\u003EDans ce contexte, l\u0026#x2019;enjeu principal r\u0026#x00E9;side moins dans l\u0026#x2019;\u0026#x00E9;largissement du p\u0026#x00E9;rim\u0026#x00E8;tre des personnes contr\u0026#x00F4;l\u0026#x00E9;es que dans l\u0026#x2019;am\u0026#x00E9;lioration de la coh\u0026#x00E9;rence et de l\u0026#x2019;efficacit\u0026#x00E9; des dispositifs existants. La mise en place d\u0026#x2019;un cadre commun doit permettre de mettre fin \u0026#x00E0; la juxtaposition de proc\u0026#x00E9;dures, d\u0026#x2019;outils et de syst\u0026#x00E8;mes d\u0026#x2019;information d\u0026#x00E9;velopp\u0026#x00E9;s de mani\u0026#x00E8;re sectorielle pour poursuivre un m\u0026#x00EA;me objectif de protection des publics vuln\u0026#x00E9;rables, sans pour autant \u0026#x00E9;tendre de mani\u0026#x00E8;re indiscrimin\u0026#x00E9;e les obligations de contr\u0026#x00F4;le \u0026#x00E0; des champs pour lesquels la n\u0026#x00E9;cessit\u0026#x00E9; n\u0026#x2019;est pas d\u0026#x00E9;montr\u0026#x00E9;e.\u003C\/p\u003E","annexeExposeSommaire":{}}},"cycleDeVie":{"dateDepot":"2026-07-10","datePublication":"2026-07-15","soumisArticle40":"false","etatDesTraitements":{"etat":{"code":"DI","libelle":"Discut\u00e9"},"sousEtat":{"code":"DI","libelle":"Tomb\u00e9"}},"dateSort":"2026-07-16T23:32:47+02:00","sort":"Tomb\u00e9"},"representations":{"representation":{"nom":"PDF","typeMime":{"type":"application","subType":"PDF"},"statutRepresentation":{"verbatim":"true","canonique":"true","officielle":"true","transcription":"false","enregistrement":"false"},"repSource":{},"offset":{},"contenu":{"documentURI":"\/base\/AMANR5L17PO838901BTC3018P0D1N000649?format=pdf"},"dateDispoRepresentation":{}}},"seanceDiscussionRef":"RUANR5L17S2026IDS30862","article99":"false","loiReference":{"codeLoi":"0","divisionCodeLoi":{}},"discussionCommune":{},"discussionIdentique":{},"accordGouvernementDepotHorsDelai":"Sans objet"}