{"uid":"AMANR5L17PO866672B1112P0D1N000020","chronotag":"1757947985092","legislature":"17","identification":{"numeroLong":"CS20","numeroOrdreDepot":"20","prefixeOrganeExamen":"CSCYBER","numeroRect":"0"},"examenRef":"EXANR5L17PO866672B1112P0D1","texteLegislatifRef":"PRJLANR5L17B1112","triAmendement":"abaaaaaaaaaaaaaaaaaaaaaaaaaaaaaaaaaaaaaaaaaaaaaaaaiph","cardinaliteAmdtMultiples":"1","amendementParentRef":{},"signataires":{"auteur":{"typeAuteur":"D\u00e9put\u00e9","gouvernementRef":{},"acteurRef":"PA719822","groupePolitiqueRef":"PO845454","auteurRapporteurOrganeRef":{}},"cosignataires":{},"suffixe":{},"libelle":" Mme\u0026#160;Thillaye"},"pointeurFragmentTexte":{"partieAmendableRef":{},"division":{"titre":"Article PREMIER","articleDesignationCourte":"ART. PREMIER","articleDesignation":"ARTICLE PREMIER","type":"ARTICLE","avant_A_Apres":"A","divisionRattachee":{},"articleAdditionnel":"false","chapitreAdditionnel":"false","urlDivisionTexteVise":"\/17\/textes\/1112.asp#D_Article_1er"},"amendementStandard":{"alinea":{"avant_A_Apres":{},"numero":"91","alineaDesignation":"Alin\u00e9a 91"}}},"corps":{"cartoucheInformatif":{},"contenuAuteur":{"dispositif":"\u003Cp style=\u0022text-align: justify;\u0022\u003E\u0026#x00C0;\u0026nbsp;l\u0026#x2019;alin\u0026#x00E9;a\u0026nbsp;91, supprimer les mots\u0026nbsp;:\u0026nbsp;\u003C\/p\u003E\u003Cp style=\u0022text-align: justify;\u0022\u003E\u0026#x00AB;\u0026nbsp;, \u0026#x00E0; l\u0026#x2019;exception des administrations de l\u0026#x2019;\u0026#x00C9;tat et de ses \u0026#x00E9;tablissements publics administratifs, des collectivit\u0026#x00E9;s territoriales, de leurs groupements et de leurs \u0026#x00E9;tablissements publics administratifs,\u0026nbsp;\u0026#x00BB;.\u003C\/p\u003E","avantAppel":{},"exposeSommaire":"\u003Cp\u003ELe projet de loi exclut les administrations de l\u0026#x2019;\u0026#x00C9;tat et ses \u0026#x00E9;tablissements publics administratifs, les collectivit\u0026#x00E9;s territoriales, leurs groupements et leurs \u0026#x00E9;tablissements publics administratifs du champ des sanctions administratives applicables aux op\u0026#x00E9;rateurs d\u0026#x2019;importance vitale.\u0026nbsp; \u003Cbr\u003E\u0026nbsp;\u003Cbr\u003ELe Conseil d\u0026#x2019;\u0026#x00C9;tat estime qu\u0026#x2019;une telle diff\u0026#x00E9;rence de traitement avec les op\u0026#x00E9;rateurs priv\u0026#x00E9;s n\u0026#x2019;est pas justifi\u0026#x00E9;e et m\u0026#x00E9;connait \u0026#x00E0; la fois le principe d\u0026#x2019;\u0026#x00E9;galit\u0026#x00E9; et les objectifs de la directive, qui pr\u0026#x00E9;voit \u0026#x00E0; son article 22 que les \u0026#x00C9;tats membres : \u0026#x00AB; d\u0026#x00E9;terminent le r\u0026#x00E9;gime des sanctions applicables aux violations des dispositions nationales adopt\u0026#x00E9;es conform\u0026#x00E9;ment \u0026#x00E0; la pr\u0026#x00E9;sente directive et prennent toutes les mesures n\u0026#x00E9;cessaires pour assurer la mise en \u0026#x0153;uvre de ces sanctions \u0026#x00BB; qui \u0026#x00AB; doivent \u0026#x00EA;tre effectives, proportionn\u0026#x00E9;es et dissuasives \u0026#x00BB;.\u003Cbr\u003E\u0026nbsp;\u003Cbr\u003EDe plus, le Conseil d\u0026#x2019;\u0026#x00C9;tat a assez justement not\u0026#x00E9; que \u0026#x00AB; certaines activit\u0026#x00E9;s d\u0026#x2019;importances vitales, telles que celles relatives \u0026#x00E0; la fourniture d\u0026#x2019;eau potable, peuvent \u0026#x00EA;tre assur\u0026#x00E9;es soit par des op\u0026#x00E9;rateurs priv\u0026#x00E9;s dans le cadre d\u0026#x2019;une concession, soit en r\u0026#x00E9;gie par des collectivit\u0026#x00E9;s. \u0026#x00BB;\u003C\/p\u003E","annexeExposeSommaire":{}}},"cycleDeVie":{"dateDepot":"2025-09-03","datePublication":"2025-09-09","soumisArticle40":"false","etatDesTraitements":{"etat":{"code":"DI","libelle":"Discut\u00e9"},"sousEtat":{"code":"DI","libelle":"Retir\u00e9"}},"dateSort":"2025-09-09T17:42:24+02:00","sort":"Retir\u00e9"},"representations":{"representation":{"nom":"PDF","typeMime":{"type":"application","subType":"PDF"},"statutRepresentation":{"verbatim":"true","canonique":"true","officielle":"true","transcription":"false","enregistrement":"false"},"repSource":{},"offset":{},"contenu":{"documentURI":"\/base\/AMANR5L17PO866672B1112P0D1N000020?format=pdf"},"dateDispoRepresentation":{}}},"seanceDiscussionRef":{},"article99":"false","loiReference":{},"discussionCommune":{},"discussionIdentique":{},"accordGouvernementDepotHorsDelai":"Sans objet"}