{"uid":"AMANR5L17PO866672B1112P0D1N000105","chronotag":"1757947872086","legislature":"17","identification":{"numeroLong":"CS105","numeroOrdreDepot":"105","prefixeOrganeExamen":"CSCYBER","numeroRect":"0"},"examenRef":"EXANR5L17PO866672B1112P0D1","texteLegislatifRef":"PRJLANR5L17B1112","triAmendement":"baoaaaaaaaaaaaaaaaaaaaaaaaaaaaaaaaaaaaaaaaaaaaaaaabso","cardinaliteAmdtMultiples":"1","amendementParentRef":{},"signataires":{"auteur":{"typeAuteur":"D\u00e9put\u00e9","gouvernementRef":{},"acteurRef":"PA794946","groupePolitiqueRef":"PO845401","auteurRapporteurOrganeRef":{}},"cosignataires":{"acteurRef":["PA793904","PA796118","PA841131","PA793134","PA840075","PA642988","PA840119","PA793254","PA841139","PA795966","PA841955","PA794570","PA794954","PA796050"]},"suffixe":{},"libelle":" M.\u0026#160;Villedieu,  M.\u0026#160;Lopez-Liguori, Mme\u0026#160;Auzanot, Mme\u0026#160;Bouquin, M.\u0026#160;Buisson, M.\u0026#160;Casterman, M.\u0026#160;de\u0026#160;L\u0026#233;pinau, Mme\u0026#160;Delannoy, M.\u0026#160;Rancoule, M.\u0026#160;Gabarron, M.\u0026#160;Rambaud, M.\u0026#160;Renault, M.\u0026#160;Sabatou, M.\u0026#160;Salmon et M.\u0026#160;Schreck"},"pointeurFragmentTexte":{"partieAmendableRef":{},"division":{"titre":"Article 9","articleDesignationCourte":"ART. 9","articleDesignation":"ARTICLE 9","type":"ARTICLE","avant_A_Apres":"A","divisionRattachee":{},"articleAdditionnel":"false","chapitreAdditionnel":"false","urlDivisionTexteVise":"\/17\/textes\/1112.asp#D_Article_9"},"amendementStandard":{"alinea":{"avant_A_Apres":{},"numero":"5","alineaDesignation":"Alin\u00e9a 5"}}},"corps":{"cartoucheInformatif":{},"contenuAuteur":{"dispositif":"\u003Cp style=\u0022text-align: justify;\u0022\u003E\u0026#x00C0;\u0026nbsp;l\u0026#x2019;alin\u0026#x00E9;a\u0026nbsp;5, apr\u0026#x00E8;s les mots\u0026nbsp;:\u0026nbsp;\u003C\/p\u003E\u003Cp style=\u0022text-align: justify;\u0022\u003E\u0026#x00AB;\u0026nbsp;communaut\u0026#x00E9;s de communes\u0026nbsp;\u0026#x00BB;,\u003C\/p\u003E\u003Cp style=\u0022text-align: justify;\u0022\u003Eins\u0026#x00E9;rer les mots\u0026nbsp;:\u003C\/p\u003E\u003Cp style=\u0022text-align: justify;\u0022\u003E\u0026#x00AB;\u0026nbsp;de 30\u0026nbsp;000 habitants et plus\u0026nbsp;\u0026#x00BB;.\u003C\/p\u003E","avantAppel":{},"exposeSommaire":"\u003Cp style=\u0022text-align: justify;\u0022\u003ELe projet de loi transpose la directive NIS 2 dans une acception particuli\u0026#x00E8;rement large, int\u0026#x00E9;grant notamment l\u0026#x2019;ensemble des d\u0026#x00E9;partements, des communes et des groupements de communes de plus de 30\u0026nbsp;000 habitants. Cette transposition \u0026#x00E9;tendue, reconnue par le Conseil d\u0026#x2019;\u0026#x00C9;tat (avis n\u0026#x00B0; 408329 du\u0026nbsp;6\u0026nbsp;juin\u0026nbsp;2024), g\u0026#x00E9;n\u0026#x00E8;re de nouvelles obligations de cybers\u0026#x00E9;curit\u0026#x00E9; qui ne tiennent pas compte des capacit\u0026#x00E9;s r\u0026#x00E9;elles des collectivit\u0026#x00E9;s concern\u0026#x00E9;es.\u003C\/p\u003E\u003Cp style=\u0022text-align: justify;\u0022\u003EL\u0026#x2019;\u0026#x00E9;tude d\u0026#x2019;impact ne chiffre pas les co\u0026#x00FB;ts induits pour les collectivit\u0026#x00E9;s, alors m\u0026#x00EA;me que le Gouvernement appelle parall\u0026#x00E8;lement les collectivit\u0026#x00E9;s locales \u0026#x00E0; une contribution accrue \u0026#x00E0; la r\u0026#x00E9;duction du d\u0026#x00E9;ficit public. Cette contradiction entre injonctions budg\u0026#x00E9;taires et nouvelles charges normatives rend l\u0026#x2019;application uniforme du texte difficilement soutenable, en particulier pour les communaut\u0026#x00E9;s de communes les plus modestes.\u003C\/p\u003E\u003Cp style=\u0022text-align: justify;\u0022\u003ELe pr\u0026#x00E9;sent amendement vise \u0026#x00E0;\u0026nbsp;r\u0026#x00E9;server le statut d\u0026#x2019;\u0026#x00AB;\u0026nbsp;entit\u0026#x00E9; importante\u0026nbsp;\u0026#x00BB; aux seules communaut\u0026#x00E9;s de communes de 30\u0026nbsp;000 habitants ou plus, soit 211 structures, et \u0026#x00E0;\u0026nbsp;exclure celles de moins de 30\u0026nbsp;000 habitants, soit environ 779 intercommunalit\u0026#x00E9;s, pour lesquelles les moyens humains, techniques et financiers sont insuffisants.\u003C\/p\u003E\u003Cp style=\u0022text-align: justify;\u0022\u003EIl s\u0026#x2019;agit d\u0026#x2019;adapter les ambitions de la cybers\u0026#x00E9;curit\u0026#x00E9; aux r\u0026#x00E9;alit\u0026#x00E9;s des territoires, sans compromettre les objectifs de r\u0026#x00E9;silience ni sacrifier la soutenabilit\u0026#x00E9; locale.\u003C\/p\u003E\u003Cp style=\u0022text-align: justify;\u0022\u003EL\u0026#x2019;amendement a \u0026#x00E9;t\u0026#x00E9; sugg\u0026#x00E9;r\u0026#x00E9; par l\u0026#x2019;Association des maires de France.\u003C\/p\u003E","annexeExposeSommaire":{}}},"cycleDeVie":{"dateDepot":"2025-09-05","datePublication":"2025-09-09","soumisArticle40":"false","etatDesTraitements":{"etat":{"code":"DI","libelle":"Discut\u00e9"},"sousEtat":{"code":"DI","libelle":"Rejet\u00e9"}},"dateSort":"2025-09-09T19:44:12+02:00","sort":"Rejet\u00e9"},"representations":{"representation":{"nom":"PDF","typeMime":{"type":"application","subType":"PDF"},"statutRepresentation":{"verbatim":"true","canonique":"true","officielle":"true","transcription":"false","enregistrement":"false"},"repSource":{},"offset":{},"contenu":{"documentURI":"\/base\/AMANR5L17PO866672B1112P0D1N000105?format=pdf"},"dateDispoRepresentation":{}}},"seanceDiscussionRef":{},"article99":"false","loiReference":{"codeLoi":"dc","divisionCodeLoi":{}},"discussionCommune":{"idDiscussion":"32273","typePosition":"Milieu"},"discussionIdentique":{"idDiscussion":"81205","typePosition":"Premier"},"accordGouvernementDepotHorsDelai":"Sans objet"}