{"uid":"AMANR5L17PO866672B1112P0D1N000158","chronotag":"1757947937022","legislature":"17","identification":{"numeroLong":"CS158","numeroOrdreDepot":"158","prefixeOrganeExamen":"CSCYBER","numeroRect":"0"},"examenRef":"EXANR5L17PO866672B1112P0D1","texteLegislatifRef":"PRJLANR5L17B1112","triAmendement":"fsaaaaaaaaaaaaaaaaaaaaaaaaaaaaaaaaaaaaaaaaaaaaaaaaj","cardinaliteAmdtMultiples":"1","amendementParentRef":{},"signataires":{"auteur":{"typeAuteur":"D\u00e9put\u00e9","gouvernementRef":{},"acteurRef":"PA795120","groupePolitiqueRef":"PO845454","auteurRapporteurOrganeRef":{}},"cosignataires":{},"suffixe":{},"libelle":" Mme\u0026#160;Ferrari"},"pointeurFragmentTexte":{"partieAmendableRef":{},"division":{"titre":"Article 36","articleDesignationCourte":"ART. 36","articleDesignation":"ARTICLE 36","type":"ARTICLE","avant_A_Apres":"A","divisionRattachee":{},"articleAdditionnel":"false","chapitreAdditionnel":"false","urlDivisionTexteVise":"\/17\/textes\/1112.asp#D_Article_36"},"amendementStandard":{"alinea":{"avant_A_Apres":{},"numero":"3","alineaDesignation":"Alin\u00e9a 3"}}},"corps":{"cartoucheInformatif":{},"contenuAuteur":{"dispositif":"\u003Cp style=\u0022text-align: justify;\u0022\u003E\u0026#x00C0;\u0026nbsp;la seconde phrase de l\u0026#x2019;alin\u0026#x00E9;a\u0026nbsp;3 supprimer les mots\u0026nbsp;:\u0026nbsp;\u003C\/p\u003E\u003Cp style=\u0022text-align: justify;\u0022\u003E\u0026#x00AB;\u0026nbsp;ni au sein de l\u0026#x2019;une des personnes mentionn\u0026#x00E9;es aux articles 8 et 9 ni\u0026nbsp;\u0026#x00BB;.\u003C\/p\u003E","avantAppel":{},"exposeSommaire":"\u003Cp\u003EAmendement de repli,\u0026nbsp;visant \u0026#x00E0; revenir sur l\u0027incompatibilit\u0026#x00E9; adopt\u0026#x00E9;e au S\u0026#x00E9;nat, visant \u0026#x00E0; exclure la nomination au sein de la commission des sanctions, saisie par l\u0027ANSSI, de toute personne ayant exerc\u0026#x00E9; au cours des trois ann\u0026#x00E9;es pr\u0026#x00E9;c\u0026#x00E9;dentes une activit\u0026#x00E9; au sein de l\u0027ANSSI.\u0026nbsp;\u003C\/p\u003E\u003Cp\u003ECette incompatibilit\u0026#x00E9; ne permettrait pas \u0026#x00E0; la commission de disposer de personnalit\u0026#x00E9;s qualifi\u0026#x00E9;es sur les questions de cybers\u0026#x00E9;curit\u0026#x00E9;.\u0026nbsp;\u003C\/p\u003E","annexeExposeSommaire":{}}},"cycleDeVie":{"dateDepot":"2025-09-05","datePublication":"2025-09-10","soumisArticle40":"false","etatDesTraitements":{"etat":{"code":"DI","libelle":"Discut\u00e9"},"sousEtat":{"code":"DI","libelle":"Tomb\u00e9"}},"dateSort":"2025-09-10T14:38:44+02:00","sort":"Tomb\u00e9"},"representations":{"representation":{"nom":"PDF","typeMime":{"type":"application","subType":"PDF"},"statutRepresentation":{"verbatim":"true","canonique":"true","officielle":"true","transcription":"false","enregistrement":"false"},"repSource":{},"offset":{},"contenu":{"documentURI":"\/base\/AMANR5L17PO866672B1112P0D1N000158?format=pdf"},"dateDispoRepresentation":{}}},"seanceDiscussionRef":{},"article99":"false","loiReference":{},"discussionCommune":{"idDiscussion":"32305","typePosition":"Premier"},"discussionIdentique":{},"accordGouvernementDepotHorsDelai":"Sans objet"}