{"uid":"AMANR5L17PO866672B1112P0D1N000184","chronotag":"1757947902159","legislature":"17","identification":{"numeroLong":"CS184","numeroOrdreDepot":"184","prefixeOrganeExamen":"CSCYBER","numeroRect":"0"},"examenRef":"EXANR5L17PO866672B1112P0D1","texteLegislatifRef":"PRJLANR5L17B1112","triAmendement":"bbiaaaaaaaaaaaaaaaaaaaaaaaaaaaaaaaaaaaaaaaaaaaaaaas","cardinaliteAmdtMultiples":"1","amendementParentRef":{},"signataires":{"auteur":{"typeAuteur":"D\u00e9put\u00e9","gouvernementRef":{},"acteurRef":"PA722336","groupePolitiqueRef":"PO845470","auteurRapporteurOrganeRef":{}},"cosignataires":{"acteurRef":["PA794278","PA720138"]},"suffixe":{},"libelle":" M.\u0026#160;Thi\u0026#233;baut,  M.\u0026#160;Albertini et Mme\u0026#160;Saint-Paul"},"pointeurFragmentTexte":{"partieAmendableRef":{},"division":{"titre":"Article 10","articleDesignationCourte":"ART. 10","articleDesignation":"ARTICLE 10","type":"ARTICLE","avant_A_Apres":"A","divisionRattachee":{},"articleAdditionnel":"false","chapitreAdditionnel":"false","urlDivisionTexteVise":"\/17\/textes\/1112.asp#D_Article_10"},"amendementStandard":{"alinea":{"avant_A_Apres":"Apres","numero":"5","alineaDesignation":"Apr\u00e8s l\u0027alin\u00e9a 5"}}},"corps":{"cartoucheInformatif":{},"contenuAuteur":{"dispositif":"\u003Cp style=\u0022text-align: justify;\u0022\u003ECompl\u0026#x00E9;ter cet article par l\u0026#x2019;alin\u0026#x00E9;a suivant\u0026nbsp;:\u003C\/p\u003E\u003Cp style=\u0022text-align: justify;\u0022\u003E\u0026#x00AB;\u0026nbsp;II.\u0026nbsp;\u0026#x2013;\u0026nbsp;Le Premier ministre peut, par arr\u0026#x00EA;t\u0026#x00E9;, exempter certaines personnes mentionn\u0026#x00E9;es \u0026#x00E0; l\u0026#x2019;article\u0026nbsp;14 de la pr\u0026#x00E9;sente loi qui exercent des activit\u0026#x00E9;s dans les domaines de la s\u0026#x00E9;curit\u0026#x00E9; nationale, de la s\u0026#x00E9;curit\u0026#x00E9; publique, de la d\u0026#x00E9;fense ou ainsi que de la r\u0026#x00E9;pression p\u0026#x00E9;nale, ou qui fournissent des services exclusivement aux administrations de l\u0026#x2019;\u0026#x00C9;tat et leurs \u0026#x00E9;tablissements publics \u0026#x00E0; caract\u0026#x00E8;re administratif exer\u0026#x00E7;ant ces activit\u0026#x00E9;s, de certaines obligations pr\u0026#x00E9;vues par les articles 14 et 17 de la pr\u0026#x00E9;sente loi, en ce qui concerne ces activit\u0026#x00E9;s ou services.\u0026nbsp;\u0026#x00BB;\u003C\/p\u003E","avantAppel":{},"exposeSommaire":"\u003Cp style=\u0022text-align: justify;\u0022\u003ECet amendement du groupe Horizons \u0026amp;amp; Ind\u0026#x00E9;pendants vise \u0026#x00E0; permettre au Premier ministre, par arr\u0026#x00EA;t\u0026#x00E9;, d\u0026#x2019;exempter certaines entit\u0026#x00E9;s exer\u0026#x00E7;ant des missions r\u0026#x00E9;galiennes\u0026nbsp;\u0026#x2013;\u0026nbsp;s\u0026#x00E9;curit\u0026#x00E9; nationale, s\u0026#x00E9;curit\u0026#x00E9; publique, d\u0026#x00E9;fense, r\u0026#x00E9;pression p\u0026#x00E9;nale\u0026nbsp;\u0026#x2013;\u0026nbsp;de certaines obligations pr\u0026#x00E9;vues par la loi en mati\u0026#x00E8;re de cybers\u0026#x00E9;curit\u0026#x00E9;, lorsqu\u0026#x2019;elles agissent dans le cadre de ces activit\u0026#x00E9;s.\u003C\/p\u003E\u003Cp style=\u0022text-align: justify;\u0022\u003EL\u0026#x2019;objectif est de concilier l\u0026#x2019;application de la directive (UE) 2022\/2555 dite NIS 2 avec les imp\u0026#x00E9;ratifs de souverainet\u0026#x00E9; et de s\u0026#x00E9;curit\u0026#x00E9; nationale. Certaines obligations g\u0026#x00E9;n\u0026#x00E9;rales de notification ou de supervision peuvent, dans ce cadre sp\u0026#x00E9;cifique, entrer en tension avec des n\u0026#x00E9;cessit\u0026#x00E9;s op\u0026#x00E9;rationnelles ou de confidentialit\u0026#x00E9; li\u0026#x00E9;es \u0026#x00E0; la d\u0026#x00E9;fense ou \u0026#x00E0; la r\u0026#x00E9;pression p\u0026#x00E9;nale.\u003C\/p\u003E\u003Cp style=\u0022text-align: justify;\u0022\u003ECette facult\u0026#x00E9; d\u0026#x2019;exemption, strictement encadr\u0026#x00E9;e par arr\u0026#x00EA;t\u0026#x00E9; du Premier ministre, permet de pr\u0026#x00E9;server la r\u0026#x00E9;silience des entit\u0026#x00E9;s strat\u0026#x00E9;giques de l\u0026#x2019;\u0026#x00C9;tat, sans remettre en cause le niveau global de protection pr\u0026#x00E9;vu par la directive. Elle s\u0026#x2019;inscrit pleinement dans les marges de flexibilit\u0026#x00E9; reconnues aux \u0026#x00C9;tats membres par NIS 2 en mati\u0026#x00E8;re de s\u0026#x00E9;curit\u0026#x00E9; nationale.\u003C\/p\u003E","annexeExposeSommaire":{}}},"cycleDeVie":{"dateDepot":"2025-09-05","datePublication":"2025-09-09","soumisArticle40":"false","etatDesTraitements":{"etat":{"code":"DI","libelle":"Discut\u00e9"},"sousEtat":{"code":"DI","libelle":"Adopt\u00e9"}},"dateSort":"2025-09-09T19:49:48+02:00","sort":"Adopt\u00e9"},"representations":{"representation":{"nom":"PDF","typeMime":{"type":"application","subType":"PDF"},"statutRepresentation":{"verbatim":"true","canonique":"true","officielle":"true","transcription":"false","enregistrement":"false"},"repSource":{},"offset":{},"contenu":{"documentURI":"\/base\/AMANR5L17PO866672B1112P0D1N000184?format=pdf"},"dateDispoRepresentation":{}}},"seanceDiscussionRef":{},"article99":"false","loiReference":{},"discussionCommune":{},"discussionIdentique":{"idDiscussion":"81339","typePosition":"Dernier"},"accordGouvernementDepotHorsDelai":"Sans objet"}