{"uid":"AMANR5L17PO866672B1112P0D1N000191","chronotag":"1757947826623","legislature":"17","identification":{"numeroLong":"CS191","numeroOrdreDepot":"191","prefixeOrganeExamen":"CSCYBER","numeroRect":"0"},"examenRef":"EXANR5L17PO866672B1112P0D1","texteLegislatifRef":"PRJLANR5L17B1112","triAmendement":"cwaaaaaaaaaaaaaaaaaaaaaaaaaaaaaaaaaaaaaaaaaaaaaaaak","cardinaliteAmdtMultiples":"1","amendementParentRef":{},"signataires":{"auteur":{"typeAuteur":"D\u00e9put\u00e9","gouvernementRef":{},"acteurRef":"PA341981","groupePolitiqueRef":"PO845419","auteurRapporteurOrganeRef":{}},"cosignataires":{"acteurRef":["PA794094","PA335054","PA841107","PA841243","PA340343","PA793816","PA794494"]},"suffixe":{},"libelle":" Mme\u0026#160;R\u0026#233;calde,  M.\u0026#160;Bouloux, Mme\u0026#160;Karamanli, M.\u0026#160;Oberti, M.\u0026#160;Saint-Pasteur, M.\u0026#160;Saulignac, Mme\u0026#160;Thomin et M.\u0026#160;Vicot"},"pointeurFragmentTexte":{"partieAmendableRef":{},"division":{"titre":"Article 24","articleDesignationCourte":"ART. 24","articleDesignation":"ARTICLE 24","type":"ARTICLE","avant_A_Apres":"A","divisionRattachee":{},"articleAdditionnel":"false","chapitreAdditionnel":"false","urlDivisionTexteVise":"\/17\/textes\/1112.asp#D_Article_24"},"amendementStandard":{"alinea":{"avant_A_Apres":"A","numero":"2","alineaDesignation":"Alin\u00e9a 2"}}},"corps":{"cartoucheInformatif":{},"contenuAuteur":{"dispositif":"\u003Cp style=\u0022text-align: justify;\u0022\u003ER\u0026#x00E9;diger ainsi l\u0026#x2019;alin\u0026#x00E9;a\u0026nbsp;2\u0026nbsp;:\u0026nbsp;\u003C\/p\u003E\u003Cp style=\u0022text-align: justify;\u0022\u003E\u0026#x00AB;\u0026nbsp;Les relais mentionn\u0026#x00E9;s au pr\u0026#x00E9;sent article peuvent \u0026#x00EA;tre agr\u0026#x00E9;\u0026#x00E9;s pour assurer, en plus de leurs missions, la d\u0026#x00E9;livrance du label de confiance mentionn\u0026#x00E9; \u0026#x00E0; l\u0026#x2019;article\u0026nbsp;15. Les modalit\u0026#x00E9;s d\u0026#x2019;application du pr\u0026#x00E9;sent article, notamment les modalit\u0026#x00E9;s de d\u0026#x00E9;p\u0026#x00F4;t et d\u0026#x2019;examen des demandes d\u0026#x2019;agr\u0026#x00E9;ment des organismes mentionn\u0026#x00E9;s au premier alin\u0026#x00E9;a, ainsi que les modalit\u0026#x00E9;s de contr\u0026#x00F4;le et d\u0026#x2019;\u0026#x00E9;valuation de ces relais pour la mission mentionn\u0026#x00E9;e au pr\u0026#x00E9;sent alin\u0026#x00E9;a, sont d\u0026#x00E9;termin\u0026#x00E9;es par d\u0026#x00E9;cret en Conseil d\u0026#x2019;\u0026#x00C9;tat.\u0026nbsp;\u0026#x00BB;\u003C\/p\u003E","avantAppel":{},"exposeSommaire":"\u003Cp style=\u0022text-align: justify;\u0022\u003ECet amendement du groupe Socialistes et apparent\u0026#x00E9;s vise \u0026#x00E0;\u0026nbsp;pr\u0026#x00E9;voir que les relais d\u0026#x00E9;sign\u0026#x00E9;s par l\u0026#x2019;autorit\u0026#x00E9; nationale de s\u0026#x00E9;curit\u0026#x00E9; des syst\u0026#x00E8;mes d\u0026#x2019;information puissent, sous condition d\u0026#x2019;agr\u0026#x00E9;ment, assurer la d\u0026#x00E9;livrance du label de confiance attestant de la mise en \u0026#x0153;uvre par les entit\u0026#x00E9;s importantes et les entit\u0026#x00E9;s essentielles mentionn\u0026#x00E9;es aux articles 8 et 9 des mesures de s\u0026#x00E9;curit\u0026#x00E9; pr\u0026#x00E9;vues par d\u0026#x00E9;cret en application de la pr\u0026#x00E9;sente loi, et ayant pour objet de reconna\u0026#x00EE;tre le respect effectif des exigences techniques, organisationnelles et op\u0026#x00E9;rationnelles permettant d\u0026#x2019;assurer un niveau \u0026#x00E9;lev\u0026#x00E9; de cybers\u0026#x00E9;curit\u0026#x00E9;.\u0026nbsp;\u003C\/p\u003E\u003Cp style=\u0022text-align: justify;\u0022\u003ECette disposition pourra notamment permettre aux Campus Cyber r\u0026#x00E9;gionaux et aux CSIRT territoriaux qui choisiront l\u0026#x2019;agr\u0026#x00E9;ment, d\u0026#x2019;affirmer leur r\u0026#x00F4;le de tiers de confiance dans les territoires, en compl\u0026#x00E9;ment de leurs missions existantes de sensibilisation, de soutien op\u0026#x00E9;rationnel et d\u0026#x2019;accompagnement \u0026#x00E0; la mise en conformit\u0026#x00E9; des entit\u0026#x00E9;s publiques et priv\u0026#x00E9;es. Le label deviendra ainsi un outil structurant au service des \u0026#x00E9;cosyst\u0026#x00E8;mes r\u0026#x00E9;gionaux de cybers\u0026#x00E9;curit\u0026#x00E9;.\u003C\/p\u003E","annexeExposeSommaire":{}}},"cycleDeVie":{"dateDepot":"2025-09-05","datePublication":"2025-09-09","soumisArticle40":"false","etatDesTraitements":{"etat":{"code":"DI","libelle":"Discut\u00e9"},"sousEtat":{"code":"DI","libelle":"Rejet\u00e9"}},"dateSort":"2025-09-09T23:38:54+02:00","sort":"Rejet\u00e9"},"representations":{"representation":{"nom":"PDF","typeMime":{"type":"application","subType":"PDF"},"statutRepresentation":{"verbatim":"true","canonique":"true","officielle":"true","transcription":"false","enregistrement":"false"},"repSource":{},"offset":{},"contenu":{"documentURI":"\/base\/AMANR5L17PO866672B1112P0D1N000191?format=pdf"},"dateDispoRepresentation":{}}},"seanceDiscussionRef":{},"article99":"false","loiReference":{},"discussionCommune":{},"discussionIdentique":{},"accordGouvernementDepotHorsDelai":"Sans objet"}