{"uid":"AMANR5L17PO866672B1112P0D1N000196","chronotag":"1757947962293","legislature":"17","identification":{"numeroLong":"CS196","numeroOrdreDepot":"196","prefixeOrganeExamen":"CSCYBER","numeroRect":"0"},"examenRef":"EXANR5L17PO866672B1112P0D1","texteLegislatifRef":"PRJLANR5L17B1112","triAmendement":"abaaaaaaaaaaaaaaaaaaaaaaaaaaaaaaaaaaaaaaaaaaaaaaaabm","cardinaliteAmdtMultiples":"1","amendementParentRef":{},"signataires":{"auteur":{"typeAuteur":"D\u00e9put\u00e9","gouvernementRef":{},"acteurRef":"PA793904","groupePolitiqueRef":"PO845401","auteurRapporteurOrganeRef":{}},"cosignataires":{"acteurRef":["PA796118","PA841131","PA793134","PA840075","PA642988","PA840119","PA841139","PA795966","PA793254","PA841955","PA794570","PA794954","PA796050","PA794946"]},"suffixe":{},"libelle":" M.\u0026#160;Lopez-Liguori,  Mme\u0026#160;Auzanot, Mme\u0026#160;Bouquin, M.\u0026#160;Buisson, M.\u0026#160;Casterman, M.\u0026#160;de\u0026#160;L\u0026#233;pinau, Mme\u0026#160;Delannoy, M.\u0026#160;Gabarron, M.\u0026#160;Rambaud, M.\u0026#160;Rancoule, M.\u0026#160;Renault, M.\u0026#160;Sabatou, M.\u0026#160;Salmon, M.\u0026#160;Schreck et M.\u0026#160;Villedieu"},"pointeurFragmentTexte":{"partieAmendableRef":{},"division":{"titre":"Article PREMIER","articleDesignationCourte":"ART. PREMIER","articleDesignation":"ARTICLE PREMIER","type":"ARTICLE","avant_A_Apres":"A","divisionRattachee":{},"articleAdditionnel":"false","chapitreAdditionnel":"false","urlDivisionTexteVise":"\/17\/textes\/1112.asp#D_Article_1er"},"amendementStandard":{"alinea":{"avant_A_Apres":{},"numero":"8","alineaDesignation":"Alin\u00e9a 8"}}},"corps":{"cartoucheInformatif":{},"contenuAuteur":{"dispositif":"\u003Cp style=\u0022text-align: justify;\u0022\u003E\u0026#x00C0;\u0026nbsp;l\u0026#x2019;alin\u0026#x00E9;a\u0026nbsp;8, apr\u0026#x00E8;s le mot\u0026nbsp;:\u003C\/p\u003E\u003Cp style=\u0022text-align: justify;\u0022\u003E\u0026#x00AB;\u0026nbsp;cause\u0026nbsp;\u0026#x00BB;,\u003C\/p\u003E\u003Cp style=\u0022text-align: justify;\u0022\u003Eins\u0026#x00E9;rer les mots\u0026nbsp;:\u003C\/p\u003E\u003Cp style=\u0022text-align: justify;\u0022\u003E\u0026nbsp;\u0026#x00AB;\u0026nbsp;le fonctionnement des institutions,\u0026nbsp;\u0026#x00BB;.\u003C\/p\u003E","avantAppel":{},"exposeSommaire":"\u003Cp\u003ECet article expose les d\u0026#x00E9;finitions sur lesquelles reposeront la transposition de la directive\u0026nbsp;(UE) 2022\/2557 sur la r\u0026#x00E9;silience des entit\u0026#x00E9;s critiques (REC). Il s\u0026#x2019;agit \u0026#x00E0; cet alin\u0026#x00E9;a de d\u0026#x00E9;finir la notion d\u0026#x2019;infrastructure critique comme un \u0026#x00E9;quipement, un r\u0026#x00E9;seau ou un syst\u0026#x00E8;me dont une perturbation pourrait mettre gravement en cause la sant\u0026#x00E9; de la population ou l\u0026#x2019;environnement, ou n\u0026#x00E9;cessaire \u0026#x00E0; une activit\u0026#x00E9; vitale.\u0026nbsp;Or il n\u0026#x2019;est pas explicitement, ni dans le premier, ni dans le deuxi\u0026#x00E8;me cas, fait r\u0026#x00E9;f\u0026#x00E9;rence \u0026#x00E0; la protection des institutions, fondement de notre soci\u0026#x00E9;t\u0026#x00E9; d\u0026#x00E9;mocratique\u0026nbsp;et de facto cibles d\u0026#x2019;ing\u0026#x00E9;rences, de tentatives de d\u0026#x00E9;stabilisation ; il est ainsi propos\u0026#x00E9; d\u0026#x2019;ins\u0026#x00E9;rer cette notion dans la d\u0026#x00E9;finition.\u003C\/p\u003E","annexeExposeSommaire":{}}},"cycleDeVie":{"dateDepot":"2025-09-05","datePublication":"2025-09-09","soumisArticle40":"false","etatDesTraitements":{"etat":{"code":"DI","libelle":"Discut\u00e9"},"sousEtat":{"code":"DI","libelle":"Retir\u00e9"}},"dateSort":"2025-09-09T16:37:27+02:00","sort":"Retir\u00e9"},"representations":{"representation":{"nom":"PDF","typeMime":{"type":"application","subType":"PDF"},"statutRepresentation":{"verbatim":"true","canonique":"true","officielle":"true","transcription":"false","enregistrement":"false"},"repSource":{},"offset":{},"contenu":{"documentURI":"\/base\/AMANR5L17PO866672B1112P0D1N000196?format=pdf"},"dateDispoRepresentation":{}}},"seanceDiscussionRef":{},"article99":"false","loiReference":{},"discussionCommune":{},"discussionIdentique":{},"accordGouvernementDepotHorsDelai":"Sans objet"}