{"uid":"AMANR5L17PO866672B1112P0D1N000218","chronotag":"1757947916897","legislature":"17","identification":{"numeroLong":"CS218","numeroOrdreDepot":"218","prefixeOrganeExamen":"CSCYBER","numeroRect":"0"},"examenRef":"EXANR5L17PO866672B1112P0D1","texteLegislatifRef":"PRJLANR5L17B1112","triAmendement":"bdiaaaaaaaaaaaaaaaaaaaaaaaaaaaaaaaaaaaaaaaaaaaaaaae","cardinaliteAmdtMultiples":"1","amendementParentRef":{},"signataires":{"auteur":{"typeAuteur":"D\u00e9put\u00e9","gouvernementRef":{},"acteurRef":"PA793904","groupePolitiqueRef":"PO845401","auteurRapporteurOrganeRef":{}},"cosignataires":{"acteurRef":["PA796118","PA841131","PA793134","PA840075","PA642988","PA840119","PA841139","PA795966","PA793254","PA841955","PA794570","PA794954","PA796050","PA794946"]},"suffixe":{},"libelle":" M.\u0026#160;Lopez-Liguori,  Mme\u0026#160;Auzanot, Mme\u0026#160;Bouquin, M.\u0026#160;Buisson, M.\u0026#160;Casterman, M.\u0026#160;de\u0026#160;L\u0026#233;pinau, Mme\u0026#160;Delannoy, M.\u0026#160;Gabarron, M.\u0026#160;Rambaud, M.\u0026#160;Rancoule, M.\u0026#160;Renault, M.\u0026#160;Sabatou, M.\u0026#160;Salmon, M.\u0026#160;Schreck et M.\u0026#160;Villedieu"},"pointeurFragmentTexte":{"partieAmendableRef":{},"division":{"titre":"Article 12","articleDesignationCourte":"ART. 12","articleDesignation":"ARTICLE 12","type":"ARTICLE","avant_A_Apres":"A","divisionRattachee":{},"articleAdditionnel":"false","chapitreAdditionnel":"false","urlDivisionTexteVise":"\/17\/textes\/1112.asp#D_Article_12"},"amendementStandard":{"alinea":{"avant_A_Apres":"Apres","numero":"1","alineaDesignation":"Apr\u00e8s l\u0027alin\u00e9a 1"}}},"corps":{"cartoucheInformatif":{},"contenuAuteur":{"dispositif":"\u003Cp style=\u0022text-align: justify;\u0022\u003EApr\u0026#x00E8;s l\u0026#x2019;alin\u0026#x00E9;a\u0026nbsp;1, ins\u0026#x00E9;rer l\u0026#x2019;alin\u0026#x00E9;a suivant\u0026nbsp;:\u0026nbsp;\u003C\/p\u003E\u003Cp style=\u0022text-align: justify;\u0022\u003E\u0026#x00AB;\u0026nbsp;Les entit\u0026#x00E9;s r\u0026#x00E9;gul\u0026#x00E9;es sont inform\u0026#x00E9;es de leur ajout \u0026#x00E0; la liste des entit\u0026#x00E9;s essentielles ou importantes.\u0026nbsp;\u0026#x00BB;\u003C\/p\u003E","avantAppel":{},"exposeSommaire":"\u003Cp style=\u0022text-align: justify;\u0022\u003ELe projet de loi pr\u0026#x00E9;voit un mod\u0026#x00E8;le d\u0026#x00E9;claratif, o\u0026#x00F9; les entit\u0026#x00E9;s concern\u0026#x00E9;es s\u0026#x2019;auto-identifient aupr\u0026#x00E8;s de l\u0026#x2019;autorit\u0026#x00E9; nationale comp\u0026#x00E9;tente, en l\u0026#x2019;occurrence l\u0026#x2019;ANSSI. Cette modalit\u0026#x00E9; vise \u0026#x00E0; responsabiliser les op\u0026#x00E9;rateurs tout en facilitant l\u0026#x2019;identification \u0026#x00E0; grande \u0026#x00E9;chelle des entit\u0026#x00E9;s assujetties (plus de 15\u0026nbsp;000 en France selon les estimations).\u003C\/p\u003E\u003Cp style=\u0022text-align: justify;\u0022\u003ECependant, rien dans le texte n\u0026#x2019;oblige actuellement l\u0026#x2019;administration \u0026#x00E0; notifier officiellement aux entit\u0026#x00E9;s concern\u0026#x00E9;es la bonne prise en compte de leur d\u0026#x00E9;claration et leur statut effectif d\u0026#x2019;entit\u0026#x00E9; essentielle ou importante (EE ou EI). Cette absence de retour d\u0026#x2019;information peut g\u0026#x00E9;n\u0026#x00E9;rer de l\u0026#x2019;incertitude juridique et un flou op\u0026#x00E9;rationnel, notamment pour les entit\u0026#x00E9;s interm\u0026#x00E9;diaires ou nouvellement cr\u0026#x00E9;\u0026#x00E9;es.\u003C\/p\u003E\u003Cp style=\u0022text-align: justify;\u0022\u003ELe pr\u0026#x00E9;sent amendement vise donc \u0026#x00E0; pr\u0026#x00E9;voir une notification formelle de l\u0026#x2019;enregistrement des entit\u0026#x00E9;s d\u0026#x00E9;clar\u0026#x00E9;es, ce qui permettrait de s\u0026#x00E9;curiser la situation juridique des op\u0026#x00E9;rateurs (preuve de l\u0026#x2019;assujettissement), d\u0026#x00E9;clencher les d\u0026#x00E9;lais de mise en conformit\u0026#x00E9; \u0026#x00E0; partir d\u0026#x2019;un point de d\u0026#x00E9;part clair, am\u0026#x00E9;liorer le suivi par les autorit\u0026#x00E9;s comp\u0026#x00E9;tentes. Cette mesure renforce la transparence administrative et la qualit\u0026#x00E9; du processus d\u0026#x00E9;claratif, sans alourdir les proc\u0026#x00E9;dures pour l\u0026#x2019;\u0026#x00C9;tat ni pour les entit\u0026#x00E9;s d\u0026#x00E9;clarantes.\u003C\/p\u003E","annexeExposeSommaire":{}}},"cycleDeVie":{"dateDepot":"2025-09-05","datePublication":"2025-09-09","soumisArticle40":"false","etatDesTraitements":{"etat":{"code":"DI","libelle":"Discut\u00e9"},"sousEtat":{"code":"DI","libelle":"Rejet\u00e9"}},"dateSort":"2025-09-09T19:57:57+02:00","sort":"Rejet\u00e9"},"representations":{"representation":{"nom":"PDF","typeMime":{"type":"application","subType":"PDF"},"statutRepresentation":{"verbatim":"true","canonique":"true","officielle":"true","transcription":"false","enregistrement":"false"},"repSource":{},"offset":{},"contenu":{"documentURI":"\/base\/AMANR5L17PO866672B1112P0D1N000218?format=pdf"},"dateDispoRepresentation":{}}},"seanceDiscussionRef":{},"article99":"false","loiReference":{},"discussionCommune":{},"discussionIdentique":{},"accordGouvernementDepotHorsDelai":"Sans objet"}