{"uid":"AMANR5L17PO866672B1112P0D1N000227","chronotag":"1757947812735","legislature":"17","identification":{"numeroLong":"CS227","numeroOrdreDepot":"227","prefixeOrganeExamen":"CSCYBER","numeroRect":"0"},"examenRef":"EXANR5L17PO866672B1112P0D1","texteLegislatifRef":"PRJLANR5L17B1112","triAmendement":"cpaaaaaaaaaaaaaaaaaaaaaaaaaaaaaaaaaaaaaaaaaaaaaaaal","cardinaliteAmdtMultiples":"1","amendementParentRef":{},"signataires":{"auteur":{"typeAuteur":"D\u00e9put\u00e9","gouvernementRef":{},"acteurRef":"PA793904","groupePolitiqueRef":"PO845401","auteurRapporteurOrganeRef":{}},"cosignataires":{"acteurRef":["PA796118","PA841131","PA793134","PA840075","PA642988","PA840119","PA841139","PA795966","PA793254","PA841955","PA794570","PA794954","PA796050","PA794946"]},"suffixe":{},"libelle":" M.\u0026#160;Lopez-Liguori,  Mme\u0026#160;Auzanot, Mme\u0026#160;Bouquin, M.\u0026#160;Buisson, M.\u0026#160;Casterman, M.\u0026#160;de\u0026#160;L\u0026#233;pinau, Mme\u0026#160;Delannoy, M.\u0026#160;Gabarron, M.\u0026#160;Rambaud, M.\u0026#160;Rancoule, M.\u0026#160;Renault, M.\u0026#160;Sabatou, M.\u0026#160;Salmon, M.\u0026#160;Schreck et M.\u0026#160;Villedieu"},"pointeurFragmentTexte":{"partieAmendableRef":{},"division":{"titre":"Article 23","articleDesignationCourte":"ART. 23","articleDesignation":"ARTICLE 23","type":"ARTICLE","avant_A_Apres":"A","divisionRattachee":{},"articleAdditionnel":"false","chapitreAdditionnel":"false","urlDivisionTexteVise":"\/17\/textes\/1112.asp#D_Article_23"},"amendementStandard":{"alinea":{"avant_A_Apres":{},"numero":"2","alineaDesignation":"Alin\u00e9a 2"}}},"corps":{"cartoucheInformatif":{},"contenuAuteur":{"dispositif":"\u003Cp style=\u0022text-align: justify;\u0022\u003E\u0026#x00C0;\u0026nbsp;la fin de l\u0026#x2019;alin\u0026#x00E9;a\u0026nbsp;2, substituer aux mots\u0026nbsp;:\u0026nbsp;\u003C\/p\u003E\u003Cp style=\u0022text-align: justify;\u0022\u003E\u0026#x00AB;\u0026nbsp;la s\u0026#x00E9;curit\u0026#x00E9; et les int\u0026#x00E9;r\u0026#x00EA;ts commerciaux\u0026nbsp;des entit\u0026#x00E9;s concern\u0026#x00E9;es\u0026nbsp;\u0026#x00BB;\u0026nbsp;\u003C\/p\u003E\u003Cp style=\u0022text-align: justify;\u0022\u003Eles mots\u0026nbsp;:\u0026nbsp;\u003C\/p\u003E\u003Cp style=\u0022text-align: justify;\u0022\u003E\u0026#x00AB;\u0026nbsp;les secrets prot\u0026#x00E9;g\u0026#x00E9;s par la loi\u0026nbsp;\u0026#x00BB;.\u003C\/p\u003E","avantAppel":{},"exposeSommaire":"\u003Cp style=\u0022text-align: justify;\u0022\u003ELe pr\u0026#x00E9;sent article encadre les \u0026#x00E9;changes d\u0026#x2019;informations entre les entit\u0026#x00E9;s r\u0026#x00E9;gul\u0026#x00E9;es et les autorit\u0026#x00E9;s comp\u0026#x00E9;tentes, notamment dans le cadre du contr\u0026#x00F4;le, de l\u0026#x2019;accompagnement ou de la r\u0026#x00E9;ponse aux incidents. Toutefois, la r\u0026#x00E9;daction actuelle mentionne la n\u0026#x00E9;cessit\u0026#x00E9; de pr\u0026#x00E9;server les \u0026#x00AB;\u0026nbsp;int\u0026#x00E9;r\u0026#x00EA;ts commerciaux des entit\u0026#x00E9;s concern\u0026#x00E9;es\u0026nbsp;\u0026#x00BB;, une formule impr\u0026#x00E9;cise qui peut \u0026#x00EA;tre source de confusion juridique.\u003C\/p\u003E\u003Cp style=\u0022text-align: justify;\u0022\u003ESans remettre en cause la l\u0026#x00E9;gitime protection du secret des affaires ou des droits de propri\u0026#x00E9;t\u0026#x00E9; intellectuelle, il appara\u0026#x00EE;t plus rigoureux de s\u0026#x2019;appuyer sur des notions d\u0026#x00E9;j\u0026#x00E0; reconnues et encadr\u0026#x00E9;es par le droit, telles que les \u0026#x00AB;\u0026nbsp;secrets prot\u0026#x00E9;g\u0026#x00E9;s par la loi\u0026nbsp;\u0026#x00BB; (secret des affaires, secret industriel ou commercial, secret de la d\u0026#x00E9;fense nationale, etc.).\u003C\/p\u003E\u003Cp style=\u0022text-align: justify;\u0022\u003EC\u0026#x2019;est ce que cherche \u0026#x00E0; faire cet amendement\u0026nbsp;;\u0026nbsp;cette clarification est par ailleurs conforme aux observations formul\u0026#x00E9;es par la CNIL lors de son audition devant la commission sp\u0026#x00E9;ciale.\u003C\/p\u003E","annexeExposeSommaire":{}}},"cycleDeVie":{"dateDepot":"2025-09-05","datePublication":"2025-09-09","soumisArticle40":"false","etatDesTraitements":{"etat":{"code":"DI","libelle":"Discut\u00e9"},"sousEtat":{"code":"DI","libelle":"Rejet\u00e9"}},"dateSort":"2025-09-09T23:32:10+02:00","sort":"Rejet\u00e9"},"representations":{"representation":{"nom":"PDF","typeMime":{"type":"application","subType":"PDF"},"statutRepresentation":{"verbatim":"true","canonique":"true","officielle":"true","transcription":"false","enregistrement":"false"},"repSource":{},"offset":{},"contenu":{"documentURI":"\/base\/AMANR5L17PO866672B1112P0D1N000227?format=pdf"},"dateDispoRepresentation":{}}},"seanceDiscussionRef":{},"article99":"false","loiReference":{},"discussionCommune":{},"discussionIdentique":{},"accordGouvernementDepotHorsDelai":"Sans objet"}