{"uid":"AMANR5L17PO866672B1112P0D1N000232","chronotag":"1757947903186","legislature":"17","identification":{"numeroLong":"CS232","numeroOrdreDepot":"232","prefixeOrganeExamen":"CSCYBER","numeroRect":"0"},"examenRef":"EXANR5L17PO866672B1112P0D1","texteLegislatifRef":"PRJLANR5L17B1112","triAmendement":"edaaaaaaaaaaaaaaaaaaaaaaaaaaaaaaaaaaaaaaaaaaaaaaaas","cardinaliteAmdtMultiples":"1","amendementParentRef":{},"signataires":{"auteur":{"typeAuteur":"D\u00e9put\u00e9","gouvernementRef":{},"acteurRef":"PA793904","groupePolitiqueRef":"PO845401","auteurRapporteurOrganeRef":{}},"cosignataires":{"acteurRef":["PA796118","PA841131","PA793134","PA840075","PA642988","PA840119","PA841139","PA795966","PA793254","PA841955","PA794570","PA794954","PA796050","PA794946"]},"suffixe":{},"libelle":" M.\u0026#160;Lopez-Liguori,  Mme\u0026#160;Auzanot, Mme\u0026#160;Bouquin, M.\u0026#160;Buisson, M.\u0026#160;Casterman, M.\u0026#160;de\u0026#160;L\u0026#233;pinau, Mme\u0026#160;Delannoy, M.\u0026#160;Gabarron, M.\u0026#160;Rambaud, M.\u0026#160;Rancoule, M.\u0026#160;Renault, M.\u0026#160;Sabatou, M.\u0026#160;Salmon, M.\u0026#160;Schreck et M.\u0026#160;Villedieu"},"pointeurFragmentTexte":{"partieAmendableRef":{},"division":{"titre":"Article 30","articleDesignationCourte":"ART. 30","articleDesignation":"ARTICLE 30","type":"ARTICLE","avant_A_Apres":"A","divisionRattachee":{},"articleAdditionnel":"false","chapitreAdditionnel":"false","urlDivisionTexteVise":"\/17\/textes\/1112.asp#D_Article_30"},"amendementStandard":{"alinea":{"avant_A_Apres":{},"numero":"1","alineaDesignation":"Alin\u00e9a 1"}}},"corps":{"cartoucheInformatif":{},"contenuAuteur":{"dispositif":"\u003Cp style=\u0022text-align: justify;\u0022\u003EApr\u0026#x00E8;s les mots\u0026nbsp;:\u0026nbsp;\u003C\/p\u003E\u003Cp style=\u0022text-align: justify;\u0022\u003E\u0026#x00AB;\u0026nbsp;pr\u0026#x00E9;sente section\u0026nbsp;\u0026#x00BB;,\u003C\/p\u003E\u003Cp style=\u0022text-align: justify;\u0022\u003Eins\u0026#x00E9;rer les mots\u0026nbsp;:\u0026nbsp;\u003C\/p\u003E\u003Cp style=\u0022text-align: justify;\u0022\u003E\u0026#x00AB;\u0026nbsp;notamment les modalit\u0026#x00E9;s de coordination avec la commission nationale de l\u0026#x2019;informatique et des libert\u0026#x00E9;s.\u0026nbsp;\u0026#x00BB;\u003C\/p\u003E","avantAppel":{},"exposeSommaire":"\u003Cp style=\u0022text-align: justify;\u0022\u003ELa CNIL et l\u0026#x2019;ANSSI, disposent toutes deux de comp\u0026#x00E9;tences de contr\u0026#x00F4;le pouvant porter sur les m\u0026#x00EA;mes entit\u0026#x00E9;s, notamment en cas d\u0026#x2019;incident de s\u0026#x00E9;curit\u0026#x00E9; ou de v\u0026#x00E9;rification des dispositifs de protection des donn\u0026#x00E9;es et des syst\u0026#x00E8;mes d\u0026#x2019;information.\u003C\/p\u003E\u003Cp style=\u0022text-align: justify;\u0022\u003EAfin d\u0026#x2019;\u0026#x00E9;viter des doublons, une charge excessive pour les entit\u0026#x00E9;s r\u0026#x00E9;gul\u0026#x00E9;es ou des contradictions d\u0026#x2019;appr\u0026#x00E9;ciation entre autorit\u0026#x00E9;s, il convient de pr\u0026#x00E9;voir une coordination explicite entre la CNIL et l\u0026#x2019;ANSSI. Cela permettra notamment de d\u0026#x00E9;finir les conditions dans lesquelles des contr\u0026#x00F4;les conjoints, altern\u0026#x00E9;s ou s\u0026#x00E9;quenc\u0026#x00E9;s peuvent \u0026#x00EA;tre organis\u0026#x00E9;s, dans le respect des comp\u0026#x00E9;tences propres de chaque autorit\u0026#x00E9;.\u003C\/p\u003E\u003Cp style=\u0022text-align: justify;\u0022\u003ELe pr\u0026#x00E9;sent amendement pr\u0026#x00E9;voit donc que les modalit\u0026#x00E9;s de cette coordination soient pr\u0026#x00E9;cis\u0026#x00E9;es par d\u0026#x00E9;cret.\u003C\/p\u003E","annexeExposeSommaire":{}}},"cycleDeVie":{"dateDepot":"2025-09-05","datePublication":"2025-09-10","soumisArticle40":"false","etatDesTraitements":{"etat":{"code":"DI","libelle":"Discut\u00e9"},"sousEtat":{"code":"DI","libelle":"Rejet\u00e9"}},"dateSort":"2025-09-10T14:26:49+02:00","sort":"Rejet\u00e9"},"representations":{"representation":{"nom":"PDF","typeMime":{"type":"application","subType":"PDF"},"statutRepresentation":{"verbatim":"true","canonique":"true","officielle":"true","transcription":"false","enregistrement":"false"},"repSource":{},"offset":{},"contenu":{"documentURI":"\/base\/AMANR5L17PO866672B1112P0D1N000232?format=pdf"},"dateDispoRepresentation":{}}},"seanceDiscussionRef":{},"article99":"false","loiReference":{},"discussionCommune":{},"discussionIdentique":{},"accordGouvernementDepotHorsDelai":"Sans objet"}