{"uid":"AMANR5L17PO866672B1112P0D1N000370","chronotag":"1757947712606","legislature":"17","identification":{"numeroLong":"CS370","numeroOrdreDepot":"370","prefixeOrganeExamen":"CSCYBER","numeroRect":"0"},"examenRef":"EXANR5L17PO866672B1112P0D1","texteLegislatifRef":"PRJLANR5L17B1112","triAmendement":"bqaaaaaaaaaaaaaaaaaaaaaaaaaaaaaaaaaaaaaaaaaaaaaaaai","cardinaliteAmdtMultiples":"1","amendementParentRef":{},"signataires":{"auteur":{"typeAuteur":"D\u00e9put\u00e9","gouvernementRef":{},"acteurRef":"PA721984","groupePolitiqueRef":"PO845454","auteurRapporteurOrganeRef":{}},"cosignataires":{},"suffixe":{},"libelle":" M.\u0026#160;Latombe"},"pointeurFragmentTexte":{"partieAmendableRef":{},"division":{"titre":"Article 17","articleDesignationCourte":"ART. 17","articleDesignation":"ARTICLE 17","type":"ARTICLE","avant_A_Apres":"A","divisionRattachee":{},"articleAdditionnel":"false","chapitreAdditionnel":"false","urlDivisionTexteVise":"\/17\/textes\/1112.asp#D_Article_17"},"amendementStandard":{"alinea":{"avant_A_Apres":{},"numero":"15","alineaDesignation":"Alin\u00e9a 15"}}},"corps":{"cartoucheInformatif":{},"contenuAuteur":{"dispositif":"\u003Cp style=\u0022text-align: justify;\u0022\u003EI.\u0026nbsp;\u0026#x2013;\u0026nbsp;\u0026#x00C0;\u0026nbsp;l\u0026#x2019;alin\u0026#x00E9;a\u0026nbsp;15, substituer au mot\u0026nbsp;:\u003C\/p\u003E\u003Cp style=\u0022text-align: justify;\u0022\u003E\u0026#x00AB;\u0026nbsp;critiques\u0026nbsp;\u0026#x00BB;,\u003C\/p\u003E\u003Cp style=\u0022text-align: justify;\u0022\u003Ele mot\u0026nbsp;:\u003C\/p\u003E\u003Cp style=\u0022text-align: justify;\u0022\u003E\u0026#x00AB;\u0026nbsp;importantes\u0026nbsp;\u0026#x00BB;.\u003C\/p\u003E\u003Cp style=\u0022text-align: justify;\u0022\u003EII.\u0026nbsp;\u0026#x2013;\u0026nbsp;\u0026#x00C0; la premi\u0026#x00E8;re phrase de l\u0026#x2019;alin\u0026#x00E9;a\u0026nbsp;17, substituer au mot\u0026nbsp;:\u003C\/p\u003E\u003Cp style=\u0022text-align: justify;\u0022\u003E\u0026#x00AB;\u0026nbsp;critique\u0026nbsp;\u0026#x00BB;,\u003C\/p\u003E\u003Cp style=\u0022text-align: justify;\u0022\u003Ele mot\u0026nbsp;:\u003C\/p\u003E\u003Cp style=\u0022text-align: justify;\u0022\u003E\u0026#x00AB;\u0026nbsp;importante\u0026nbsp;\u0026#x00BB;.\u003C\/p\u003E","avantAppel":{},"exposeSommaire":"\u003Cp style=\u0022text-align: justify;\u0022\u003ECet amendement propose une harmonisation terminologique entre la directive et la loi de transposition en ce qui concerne la d\u0026#x00E9;nomination des vuln\u0026#x00E9;rabilit\u0026#x00E9;s.\u003C\/p\u003E\u003Cp style=\u0022text-align: justify;\u0022\u003EEn effet la notion de \u0026#x00AB;\u0026nbsp;vuln\u0026#x00E9;rabilit\u0026#x00E9;s critiques\u0026nbsp;\u0026#x00BB; n\u0026#x2019;existe pas dans la directive NIS2 qui utilise le qualificatif \u0026#x00AB;\u0026nbsp;important\u0026nbsp;\u0026#x00BB;. Il est important de rester fid\u0026#x00E8;le \u0026#x00E0; la d\u0026#x00E9;nomination de la directive pour assurer la lisibilit\u0026#x00E9; du texte en France et \u0026#x00E9;viter une asym\u0026#x00E9;trie de transposition entre les diff\u0026#x00E9;rents pays de l\u0026#x2019;Union Europ\u0026#x00E9;enne.\u003C\/p\u003E","annexeExposeSommaire":{}}},"cycleDeVie":{"dateDepot":"2025-09-05","datePublication":"2025-09-09","soumisArticle40":"false","etatDesTraitements":{"etat":{"code":"DI","libelle":"Discut\u00e9"},"sousEtat":{"code":"DI","libelle":"Tomb\u00e9"}},"dateSort":"2025-09-09T23:03:44+02:00","sort":"Tomb\u00e9"},"representations":{"representation":{"nom":"PDF","typeMime":{"type":"application","subType":"PDF"},"statutRepresentation":{"verbatim":"true","canonique":"true","officielle":"true","transcription":"false","enregistrement":"false"},"repSource":{},"offset":{},"contenu":{"documentURI":"\/base\/AMANR5L17PO866672B1112P0D1N000370?format=pdf"},"dateDispoRepresentation":{}}},"seanceDiscussionRef":{},"article99":"false","loiReference":{},"discussionCommune":{},"discussionIdentique":{"idDiscussion":"81213","typePosition":"Premier"},"accordGouvernementDepotHorsDelai":"Sans objet"}