{"uid":"AMANR5L17PO866672B1112P0D1N000406","chronotag":"1757947904884","legislature":"17","identification":{"numeroLong":"CS406","numeroOrdreDepot":"406","prefixeOrganeExamen":"CSCYBER","numeroRect":"0"},"examenRef":"EXANR5L17PO866672B1112P0D1","texteLegislatifRef":"PRJLANR5L17B1112","triAmendement":"edaaaaaaaaaaaaaaaaaaaaaaaaaaaaaaaaaaaaaaaaaaaaaaaag","cardinaliteAmdtMultiples":"1","amendementParentRef":{},"signataires":{"auteur":{"typeAuteur":"D\u00e9put\u00e9","gouvernementRef":{},"acteurRef":"PA721984","groupePolitiqueRef":"PO845454","auteurRapporteurOrganeRef":{}},"cosignataires":{},"suffixe":{},"libelle":" M.\u0026#160;Latombe"},"pointeurFragmentTexte":{"partieAmendableRef":{},"division":{"titre":"Article 30","articleDesignationCourte":"ART. 30","articleDesignation":"ARTICLE 30","type":"ARTICLE","avant_A_Apres":"A","divisionRattachee":{},"articleAdditionnel":"false","chapitreAdditionnel":"false","urlDivisionTexteVise":"\/17\/textes\/1112.asp#D_Article_30"},"amendementStandard":{"alinea":{"avant_A_Apres":{},"numero":"1","alineaDesignation":"Alin\u00e9a 1"}}},"corps":{"cartoucheInformatif":{},"contenuAuteur":{"dispositif":"\u003Cp style=\u0022text-align: justify;\u0022\u003EI.\u0026nbsp;\u0026#x2013;\u0026nbsp;Apr\u0026#x00E8;s le mot\u0026nbsp;:\u003C\/p\u003E\u003Cp style=\u0022text-align: justify;\u0022\u003E\u0026#x00AB;\u0026nbsp;section\u0026nbsp;\u0026#x00BB;\u003C\/p\u003E\u003Cp style=\u0022text-align: justify;\u0022\u003Eins\u0026#x00E9;rer les mots\u0026nbsp;:\u003C\/p\u003E\u003Cp style=\u0022text-align: justify;\u0022\u003E\u0026#x00AB;\u0026nbsp;et le calendrier d\u0026#x2019;application progressif et diff\u0026#x00E9;renci\u0026#x00E9; des mesures de contr\u0026#x00F4;les en fonction du niveau de pr\u0026#x00E9;paration des entit\u0026#x00E9;s concern\u0026#x00E9;es et du niveau de priorit\u0026#x00E9; des exigences de mise en conformit\u0026#x00E9;\u0026nbsp;\u0026#x00BB;.\u003C\/p\u003E\u003Cp style=\u0022text-align: justify;\u0022\u003EII.\u0026nbsp;\u0026#x2013;\u0026nbsp;En cons\u0026#x00E9;quence, substituer au mot\u0026nbsp;:\u003C\/p\u003E\u003Cp style=\u0022text-align: justify;\u0022\u003E\u0026#x00AB;\u0026nbsp;fix\u0026#x00E9;es\u0026nbsp;\u0026#x00BB;,\u003C\/p\u003E\u003Cp style=\u0022text-align: justify;\u0022\u003Ele mot\u0026nbsp;:\u003C\/p\u003E\u003Cp style=\u0022text-align: justify;\u0022\u003E\u0026#x00AB;\u0026nbsp;d\u0026#x00E9;termin\u0026#x00E9;s\u0026nbsp;\u0026#x00BB;.\u003C\/p\u003E","avantAppel":{},"exposeSommaire":"\u003Cp style=\u0022text-align: justify;\u0022\u003EAmendement d\u0026#x2019;appel\u003C\/p\u003E\u003Cp style=\u0022text-align: justify;\u0022\u003ESi le d\u0026#x00E9;lai de 3 ans semble faire consensus depuis les d\u0026#x00E9;clarations de la ministre du Num\u0026#x00E9;rique et du directeur g\u0026#x00E9;n\u0026#x00E9;ral de l\u0026#x2019;ANSSI lors de leur audition face \u0026#x00E0; la commission sp\u0026#x00E9;ciale au S\u0026#x00E9;nat comme \u0026#x00E0; l\u0026#x2019;Assembl\u0026#x00E9;e, aucune trace \u0026#x00E9;crite n\u0026#x2019;existe \u0026#x00E0; ce jour.\u003C\/p\u003E\u003Cp style=\u0022text-align: justify;\u0022\u003ELe projet de loi ne pr\u0026#x00E9;voit pas de date limite de mise en conformit\u0026#x00E9;. Il ne pr\u0026#x00E9;voit pas non plus de date pour l\u0026#x2019;application des contr\u0026#x00F4;les et donc des sanctions potentielles. L\u0026#x2019;ANSSI a d\u0026#x2019;ailleurs indiqu\u0026#x00E9; qu\u0026#x2019;elle laisserait le temps aux entit\u0026#x00E9;s de se mettre en conformit\u0026#x00E9; avant d\u0026#x2019;engager les proc\u0026#x00E9;dures de contr\u0026#x00F4;le et de sanction.\u003C\/p\u003E\u003Cp style=\u0022text-align: justify;\u0022\u003EPour assurer une bonne lisibilit\u0026#x00E9; quant \u0026#x00E0; l\u0026#x2019;application des nouvelles exigences et int\u0026#x00E9;grer une certaine progressivit\u0026#x00E9; dans la mise en conformit\u0026#x00E9;, tout en encourageant les entit\u0026#x00E9;s \u0026#x00E0; ne pas attendre le dernier moment pour prendre en compte leurs obligations, il est n\u0026#x00E9;cessaire de fixer un calendrier d\u0026#x2019;application \u0026#x00E9;chelonn\u0026#x00E9;e et diff\u0026#x00E9;renci\u0026#x00E9;e des mesures de contr\u0026#x00F4;le en fonction du niveau de pr\u0026#x00E9;paration des entit\u0026#x00E9;s concern\u0026#x00E9;es et du niveau de priorit\u0026#x00E9; des exigences de mise en conformit\u0026#x00E9;.\u003C\/p\u003E","annexeExposeSommaire":{}}},"cycleDeVie":{"dateDepot":"2025-09-05","datePublication":"2025-09-10","soumisArticle40":"false","etatDesTraitements":{"etat":{"code":"DI","libelle":"Discut\u00e9"},"sousEtat":{"code":"DI","libelle":"Rejet\u00e9"}},"dateSort":"2025-09-10T14:24:35+02:00","sort":"Rejet\u00e9"},"representations":{"representation":{"nom":"PDF","typeMime":{"type":"application","subType":"PDF"},"statutRepresentation":{"verbatim":"true","canonique":"true","officielle":"true","transcription":"false","enregistrement":"false"},"repSource":{},"offset":{},"contenu":{"documentURI":"\/base\/AMANR5L17PO866672B1112P0D1N000406?format=pdf"},"dateDispoRepresentation":{}}},"seanceDiscussionRef":{},"article99":"false","loiReference":{},"discussionCommune":{},"discussionIdentique":{},"accordGouvernementDepotHorsDelai":"Sans objet"}