{"uid":"AMANR5L17PO866672B1112P0D1N000417","chronotag":"1757947945775","legislature":"17","identification":{"numeroLong":"CS417","numeroOrdreDepot":"417","prefixeOrganeExamen":"CSCYBER","numeroRect":"0"},"examenRef":"EXANR5L17PO866672B1112P0D1","texteLegislatifRef":"PRJLANR5L17B1112","triAmendement":"gcaaaaaaaaaaaaaaaaaaaaaaaaaaaaaaaaaaaaaaaaaaaaaaaasm","cardinaliteAmdtMultiples":"1","amendementParentRef":{},"signataires":{"auteur":{"typeAuteur":"D\u00e9put\u00e9","gouvernementRef":{},"acteurRef":"PA721984","groupePolitiqueRef":"PO845454","auteurRapporteurOrganeRef":{}},"cosignataires":{},"suffixe":{},"libelle":" M.\u0026#160;Latombe"},"pointeurFragmentTexte":{"partieAmendableRef":{},"division":{"titre":"Article 37","articleDesignationCourte":"ART. 37","articleDesignation":"ARTICLE 37","type":"ARTICLE","avant_A_Apres":"A","divisionRattachee":{},"articleAdditionnel":"false","chapitreAdditionnel":"false","urlDivisionTexteVise":"\/17\/textes\/1112.asp#D_Article_37"},"amendementStandard":{"alinea":{"avant_A_Apres":{},"numero":"2","alineaDesignation":"Alin\u00e9a 2"}}},"corps":{"cartoucheInformatif":{},"contenuAuteur":{"dispositif":"\u003Cp style=\u0022text-align: justify;\u0022\u003EI.\u0026nbsp;\u0026#x2013;\u0026nbsp;\u0026#x00C0;\u0026nbsp;l\u0026#x2019;alin\u0026#x00E9;a\u0026nbsp;2, supprimer les mots\u0026nbsp;:\u003C\/p\u003E\u003Cp style=\u0022text-align: justify;\u0022\u003E\u0026#x00AB;\u0026nbsp;des collectivit\u0026#x00E9;s territoriales, de leurs groupements et de leurs \u0026#x00E9;tablissements publics administratifs,\u0026nbsp;\u0026#x00BB;.\u003C\/p\u003E\u003Cp style=\u0022text-align: justify;\u0022\u003EII.\u0026nbsp;\u0026#x2013;\u0026nbsp;\u0026#x00C0;\u0026nbsp;l\u0026#x2019;alin\u0026#x00E9;a\u0026nbsp;3, supprimer les mots\u0026nbsp;:\u003C\/p\u003E\u003Cp style=\u0022text-align: justify;\u0022\u003E\u0026#x00AB;\u0026nbsp;des collectivit\u0026#x00E9;s territoriales, de leurs groupements et de leurs \u0026#x00E9;tablissements publics administratifs,\u0026nbsp;\u0026#x00BB;.\u003C\/p\u003E\u003Cp style=\u0022text-align: justify;\u0022\u003EIII.\u0026nbsp;\u0026#x2013;\u0026nbsp;Apr\u0026#x00E8;s l\u0026#x2019;alin\u0026#x00E9;a\u0026nbsp;4, ins\u0026#x00E9;rer l\u0026#x2019;alin\u0026#x00E9;a suivant\u0026nbsp;:\u003C\/p\u003E\u003Cp style=\u0022text-align: justify;\u0022\u003E\u0026#x00AB;\u0026nbsp;En cas de manquement aux obligations pr\u0026#x00E9;vues au pr\u0026#x00E9;sent titre, la commission des sanctions enjoint aux collectivit\u0026#x00E9;s territoriales de mettre en place un plan de rem\u0026#x00E9;diation dans un d\u0026#x00E9;lai d\u0026#x2019;une semaine \u0026#x00E0; compter de la constatation du manquement. Si le plan de rem\u0026#x00E9;diation n\u0026#x2019;a pas \u0026#x00E9;t\u0026#x00E9; mis en place, la commission des sanctions peut prononcer \u0026#x00E0; l\u0026#x2019;encontre de la collectivit\u0026#x00E9; territoriale une amende administrative dont le montant, proportionn\u0026#x00E9; \u0026#x00E0; la gravit\u0026#x00E9; du manquement, ne peut exc\u0026#x00E9;der 10 millions d\u0026#x2019;euros.\u0026nbsp;\u0026#x00BB;.\u003C\/p\u003E","avantAppel":{},"exposeSommaire":"\u003Cp style=\u0022text-align: justify;\u0022\u003ECet amendement met en place un m\u0026#x00E9;canisme de sanction \u0026#x00E0; l\u0026#x2019;encontre des collectivit\u0026#x00E9;s territoriales en cas de manquement aux obligations pr\u0026#x00E9;vues au titre 2 du projet de loi. En cas de manquement, dans un premier temps, la commission des sanctions enjoint la collectivit\u0026#x00E9; territoriale concern\u0026#x00E9;e \u0026#x00E0; mettre en place un plan de rem\u0026#x00E9;diation. Si ce plan n\u0026#x2019;a pas \u0026#x00E9;t\u0026#x00E9; mis en place, la commission des sanctions peut prononcer une amende administrative dont le montant ne peut exc\u0026#x00E9;der 10 millions d\u0026#x2019;euros.\u003C\/p\u003E\u003Cp style=\u0022text-align: justify;\u0022\u003ECet amendement se fonde sur le point n\u0026#x00B0;16 de l\u0026#x2019;avis du Conseil d\u0026#x2019;\u0026#x00C9;tat, qui indique que l\u0026#x2019;exemption dont b\u0026#x00E9;n\u0026#x00E9;ficient les collectivit\u0026#x00E9;s territoriales \u0026#x00AB;\u0026nbsp;\u003Ci\u003Ene peut \u0026#x00EA;tre admise\u003C\/i\u003E\u0026nbsp;\u0026#x00BB; car \u0026#x00AB;\u0026nbsp;\u003Ci\u003Eleur exclusion du champ des sanctions m\u0026#x00E9;conna\u0026#x00EE;t \u0026#x00E0; la fois le principe d\u0026#x2019;\u0026#x00E9;galit\u0026#x00E9; et les objectifs de la directive\u003C\/i\u003E\u0026nbsp;\u0026#x00BB;.\u003C\/p\u003E","annexeExposeSommaire":{}}},"cycleDeVie":{"dateDepot":"2025-09-05","datePublication":"2025-09-10","soumisArticle40":"false","etatDesTraitements":{"etat":{"code":"DI","libelle":"Discut\u00e9"},"sousEtat":{"code":"DI","libelle":"Rejet\u00e9"}},"dateSort":"2025-09-10T15:09:43+02:00","sort":"Rejet\u00e9"},"representations":{"representation":{"nom":"PDF","typeMime":{"type":"application","subType":"PDF"},"statutRepresentation":{"verbatim":"true","canonique":"true","officielle":"true","transcription":"false","enregistrement":"false"},"repSource":{},"offset":{},"contenu":{"documentURI":"\/base\/AMANR5L17PO866672B1112P0D1N000417?format=pdf"},"dateDispoRepresentation":{}}},"seanceDiscussionRef":{},"article99":"false","loiReference":{},"discussionCommune":{},"discussionIdentique":{"idDiscussion":"81299","typePosition":"Dernier"},"accordGouvernementDepotHorsDelai":"Sans objet"}