{"uid":"AMANR5L17PO866672B1112P0D1N000427","chronotag":"1757947989789","legislature":"17","identification":{"numeroLong":"CS427","numeroOrdreDepot":"427","prefixeOrganeExamen":"CSCYBER","numeroRect":"0"},"examenRef":"EXANR5L17PO866672B1112P0D1","texteLegislatifRef":"PRJLANR5L17B1112","triAmendement":"hsaaaaaaaaaaaaaaaaaaaaaaaaaaaaaaaaaaaaaaaaaaaaaaaai","cardinaliteAmdtMultiples":"1","amendementParentRef":{},"signataires":{"auteur":{"typeAuteur":"Rapporteur","gouvernementRef":{},"acteurRef":"PA794426","groupePolitiqueRef":"PO845470","auteurRapporteurOrganeRef":{}},"cosignataires":{},"suffixe":{},"libelle":" Mme\u0026#160;Le\u0026#160;H\u0026#233;nanff, rapporteure"},"pointeurFragmentTexte":{"partieAmendableRef":{},"division":{"titre":"Article 39","articleDesignationCourte":"ART. 39","articleDesignation":"ARTICLE 39","type":"ARTICLE","avant_A_Apres":"A","divisionRattachee":{},"articleAdditionnel":"false","chapitreAdditionnel":"false","urlDivisionTexteVise":"\/17\/textes\/1112.asp#D_Article_39"},"amendementStandard":{"alinea":{"avant_A_Apres":{},"numero":"20","alineaDesignation":"Alin\u00e9a 20"}}},"corps":{"cartoucheInformatif":{},"contenuAuteur":{"dispositif":"\u003Cp style=\u0022text-align: justify;\u0022\u003EI.\u0026nbsp;\u0026#x2013;\u0026nbsp; Compl\u0026#x00E9;ter l\u0026#x2019;alin\u0026#x00E9;a\u0026nbsp;20 par les mots\u0026nbsp;: \u0026#x00AB;\u0026nbsp;tels que d\u0026#x00E9;finis au\u0026nbsp;2\u0026#x00B0;\u003Ci\u003Eter\u003C\/i\u003E de l\u0026#x2019;article\u0026nbsp;6 de la loi n\u0026#x00B0;\u0026nbsp;\u0026nbsp;\u0026nbsp;\u0026nbsp;\u0026nbsp;\u0026nbsp; du\u0026nbsp;\u0026nbsp;\u0026nbsp;\u0026nbsp;\u0026nbsp;\u0026nbsp; relative \u0026#x00E0; la r\u0026#x00E9;silience des infrastructures critiques et au renforcement de la cybers\u0026#x00E9;curit\u0026#x00E9;\u0026nbsp;\u0026#x00BB;\u0026nbsp;.\u003C\/p\u003E\u003Cp style=\u0022text-align: justify;\u0022\u003EII.\u0026nbsp;\u0026#x2013;\u0026nbsp; Supprimer les alin\u0026#x00E9;as 23 et 24.\u003C\/p\u003E\u003Cp style=\u0022text-align: justify;\u0022\u003EIII.\u0026nbsp;\u0026#x2013;\u0026nbsp;\u0026#x00C0;\u0026nbsp;l\u0026#x2019;alin\u0026#x00E9;a\u0026nbsp;29, substituer au mot\u0026nbsp;:\u0026nbsp;\u003C\/p\u003E\u003Cp style=\u0022text-align: justify;\u0022\u003E\u0026#x00AB;\u0026nbsp;deux\u0026nbsp;\u0026#x00BB;,\u003C\/p\u003E\u003Cp style=\u0022text-align: justify;\u0022\u003Ele mot\u0026nbsp;:\u003C\/p\u003E\u003Cp style=\u0022text-align: justify;\u0022\u003E\u0026#x00AB;\u0026nbsp;trois\u0026nbsp;\u0026#x00BB;.\u003C\/p\u003E\u003Cp style=\u0022text-align: justify;\u0022\u003EIV.\u0026nbsp;\u0026#x2013;\u0026nbsp;Apr\u0026#x00E8;s l\u0026#x2019;alin\u0026#x00E9;a\u0026nbsp;29, ins\u0026#x00E9;rer l\u0026#x2019;alin\u0026#x00E9;a suivant\u0026nbsp;:\u003C\/p\u003E\u003Cp style=\u0022text-align: justify;\u0022\u003E\u0026#x00AB;\u0026nbsp;Pour les besoins des proc\u0026#x00E9;dures p\u0026#x00E9;nales et de la s\u0026#x00E9;curit\u0026#x00E9; des syst\u0026#x00E8;mes d\u0026#x2019;information, les agents habilit\u0026#x00E9;s \u0026#x00E0; cet effet par l\u0026#x2019;autorit\u0026#x00E9; judiciaire ou par l\u0026#x2019;autorit\u0026#x00E9; nationale de s\u0026#x00E9;curit\u0026#x00E9; des syst\u0026#x00E8;mes d\u0026#x2019;information peuvent obtenir des offices et bureaux d\u0026#x2019;enregistrement, ainsi que des agents agissant pour le compte de ces derniers, les donn\u0026#x00E9;es d\u0026#x2019;enregistrement mentionn\u0026#x00E9;es au deuxi\u0026#x00E8;me alin\u0026#x00E9;a.\u0026nbsp;\u0026#x00BB;\u003C\/p\u003E\u003Cp style=\u0022text-align: justify;\u0022\u003EV.\u0026nbsp;\u0026#x2013;\u0026nbsp;\u0026#x00C0;\u0026nbsp;l\u0026#x2019;alin\u0026#x00E9;a\u0026nbsp;30, apr\u0026#x00E8;s les mots\u0026nbsp;:\u0026nbsp;\u003C\/p\u003E\u003Cp style=\u0022text-align: justify;\u0022\u003E\u0026#x00AB;\u0026nbsp;bureaux d\u0026#x2019;enregistrement\u0026nbsp;\u0026#x00BB;,\u003C\/p\u003E\u003Cp style=\u0022text-align: justify;\u0022\u003Eins\u0026#x00E9;rer les mots\u0026nbsp;:\u0026nbsp;\u003C\/p\u003E\u003Cp style=\u0022text-align: justify;\u0022\u003E\u0026#x00AB;\u0026nbsp;ainsi que les agents agissant pour le compte de ces derniers\u0026nbsp;\u0026#x00BB;.\u003C\/p\u003E","avantAppel":{},"exposeSommaire":"\u003Cp style=\u0022text-align: justify;\u0022\u003ELe pr\u0026#x00E9;sent amendement vise \u0026#x00E0; assurer la coordination avec l\u0027amendement ins\u0026#x00E9;rant la d\u0026#x00E9;finition des agents agissants pour le compte des bureaux d\u0026#x2019;enregistrement et supprime, en cons\u0026#x00E9;quence, au sein de l\u0026#x2019;article\u0026nbsp;39, le renvoi \u0026#x00E0; un d\u0026#x00E9;cret en Conseil d\u0026#x2019;\u0026#x00C9;tat qui devait porter cette d\u0026#x00E9;finition.\u003C\/p\u003E\u003Cp style=\u0022text-align: justify;\u0022\u003EEn coordination avec l\u0026#x2019;article\u0026nbsp;22 du projet de loi et l\u0026#x2019;amendement le compl\u0026#x00E9;tant pour ajouter la mention des \u0026#x00AB;\u0026nbsp;agents agissant pour le compte de\u0026nbsp;\u0026#x00BB;, le pr\u0026#x00E9;sent amendement compl\u0026#x00E8;te l\u0026#x2019;article\u0026nbsp;L.\u0026nbsp;45\u0026#x2011;5 du code des postes et communications \u0026#x00E9;lectroniques afin de pr\u0026#x00E9;ciser que les offices et bureaux d\u0026#x2019;enregistrement ainsi que les agents agissants pour leur compte r\u0026#x00E9;gis par le code des postes et communications \u0026#x00E9;lectroniques doivent r\u0026#x00E9;pondre, pour les besoins des proc\u0026#x00E9;dures p\u0026#x00E9;nales et de la s\u0026#x00E9;curit\u0026#x00E9; des syst\u0026#x00E8;mes d\u0026#x2019;information, aux demandes des agents habilit\u0026#x00E9;s \u0026#x00E0; cet effet.\u003C\/p\u003E","annexeExposeSommaire":{}}},"cycleDeVie":{"dateDepot":"2025-09-05","datePublication":"2025-09-10","soumisArticle40":"false","etatDesTraitements":{"etat":{"code":"DI","libelle":"Discut\u00e9"},"sousEtat":{"code":"DI","libelle":"Adopt\u00e9"}},"dateSort":"2025-09-10T15:18:39+02:00","sort":"Adopt\u00e9"},"representations":{"representation":{"nom":"PDF","typeMime":{"type":"application","subType":"PDF"},"statutRepresentation":{"verbatim":"true","canonique":"true","officielle":"true","transcription":"false","enregistrement":"false"},"repSource":{},"offset":{},"contenu":{"documentURI":"\/base\/AMANR5L17PO866672B1112P0D1N000427?format=pdf"},"dateDispoRepresentation":{}}},"seanceDiscussionRef":{},"article99":"false","loiReference":{},"discussionCommune":{},"discussionIdentique":{"idDiscussion":"81281","typePosition":"Dernier"},"accordGouvernementDepotHorsDelai":"Sans objet"}