{"uid":"AMANR5L17PO866672B1112P0D1N000466","chronotag":"1757948023366","legislature":"17","identification":{"numeroLong":"CS466","numeroOrdreDepot":"466","prefixeOrganeExamen":"CSCYBER","numeroRect":"0"},"examenRef":"EXANR5L17PO866672B1112P0D1","texteLegislatifRef":"PRJLANR5L17B1112","triAmendement":"abaaaaaaaaaaaaaaaaaaaaaaaaaaaaaaaaaaaaaaaaaaaaaaaahl","cardinaliteAmdtMultiples":"1","amendementParentRef":{},"signataires":{"auteur":{"typeAuteur":"Rapporteur","gouvernementRef":{},"acteurRef":"PA642695","groupePolitiqueRef":"PO845407","auteurRapporteurOrganeRef":{}},"cosignataires":{},"suffixe":{},"libelle":" M.\u0026#160;Bothorel, rapporteur g\u0026#233;n\u0026#233;ral"},"pointeurFragmentTexte":{"partieAmendableRef":{},"division":{"titre":"Article PREMIER","articleDesignationCourte":"ART. PREMIER","articleDesignation":"ARTICLE PREMIER","type":"ARTICLE","avant_A_Apres":"A","divisionRattachee":{},"articleAdditionnel":"false","chapitreAdditionnel":"false","urlDivisionTexteVise":"\/17\/textes\/1112.asp#D_Article_1er"},"amendementStandard":{"alinea":{"avant_A_Apres":{},"numero":"60","alineaDesignation":"Alin\u00e9a 60"}}},"corps":{"cartoucheInformatif":{},"contenuAuteur":{"dispositif":"\u003Cp style=\u0022text-align: justify;\u0022\u003EI.\u0026nbsp;\u0026#x2013;\u0026nbsp;\u0026#x00C0;\u0026nbsp;l\u0026#x2019;alin\u0026#x00E9;a\u0026nbsp;60, substituer aux mots\u0026nbsp;:\u003C\/p\u003E\u003Cp style=\u0022text-align: justify;\u0022\u003E\u0026#x00AB;\u0026nbsp;au premier alin\u0026#x00E9;a de\u0026nbsp;\u0026#x00BB;,\u003C\/p\u003E\u003Cp style=\u0022text-align: justify;\u0022\u003Ele mot\u0026nbsp;:\u003C\/p\u003E\u003Cp style=\u0022text-align: justify;\u0022\u003E\u0026#x00AB;\u0026nbsp;\u0026#x00E0;\u0026nbsp;\u0026#x00BB;.\u003C\/p\u003E\u003Cp style=\u0022text-align: justify;\u0022\u003EII.\u0026nbsp;\u0026#x2013;\u0026nbsp;Apr\u0026#x00E8;s l\u0026#x2019;alin\u0026#x00E9;a\u0026nbsp;60, ins\u0026#x00E9;rer l\u0026#x2019;alin\u0026#x00E9;a suivant\u0026nbsp;:\u003C\/p\u003E\u003Cp style=\u0022text-align: justify;\u0022\u003E\u0026#x00AB;\u0026nbsp;Les op\u0026#x00E9;rateurs d\u0026#x2019;importance vitale ne sont pas tenus de mettre en \u0026#x0153;uvre les obligations pr\u0026#x00E9;vues aux articles 14 et 15 de la loi pr\u0026#x00E9;cit\u0026#x00E9;e lorsqu\u0026#x2019;ils sont soumis, en application d\u0026#x2019;un acte juridique de l\u0026#x2019;Union europ\u0026#x00E9;enne, \u0026#x00E0; des exigences sectorielles de s\u0026#x00E9;curit\u0026#x00E9; des r\u0026#x00E9;seaux et des syst\u0026#x00E8;mes d\u0026#x2019;information qu\u0026#x2019;ils utilisent dans le cadre de leurs activit\u0026#x00E9;s ou de la fourniture de leurs services ayant un effet au moins \u0026#x00E9;quivalent.\u0026nbsp;\u0026#x00BB;\u003C\/p\u003E","avantAppel":{},"exposeSommaire":"\u003Cp\u003EL\u0026#x2019;amendement poursuit un objectif de coh\u0026#x00E9;rence en visant \u0026#x00E0; soumettre l\u0026#x2019;ensemble des op\u0026#x00E9;rateurs d\u0026#x2019;importance vitale (OIV) aux obligations de notification d\u0026#x2019;incidents importants et de vuln\u0026#x00E9;rabilit\u0026#x00E9;s critiques pr\u0026#x00E9;vues \u0026#x00E0; l\u0026#x2019;article 17. En effet, en ne visant que le premier alin\u0026#x00E9;a de l\u0026#x2019;article 17 du projet de loi, la r\u0026#x00E9;daction actuelle de l\u0026#x2019;article L. 1332-11 pr\u0026#x00E9;vue \u0026#x00E0; l\u0026#x2019;alin\u0026#x00E9;a 60 omet l\u0026#x2019;obligation de notification par les OIV \u0026#x00E0; leurs destinataires de services des incidents importants ayant un impact direct sur ceux-ci ainsi que des vuln\u0026#x00E9;rabilit\u0026#x00E9;s critiques et de leurs mesures de correction.\u003C\/p\u003E\u003Cp\u003ED\u0026#x2019;autre part, l\u0026#x2019;amendement vise \u0026#x00E0; clarifier l\u0026#x2019;articulation entre les obligations applicables aux op\u0026#x00E9;rateurs d\u0026#x2019;importance vitale (OIV) et celles qui leurs sont applicables en vertu d\u0026#x2019;un acte juridique sectoriel de l\u0026#x2019;Union europ\u0026#x00E9;enne. En effet, il existe des OIV qui n\u0026#x2019;entrent pas dans le champ d\u0026#x2019;application de la directive NIS 2 et qui ne sont, ainsi, ni entit\u0026#x00E9; essentielle, ni entit\u0026#x00E9; importante. En revanche, ils peuvent entrer dans le champ d\u0026#x2019;application de r\u0026#x00E8;glementations sectorielles. Tel est le cas, par exemple, d\u0026#x2019;OIV qui rel\u0026#x00E8;vent du r\u0026#x00E8;glement DORA sans pour autant entrer dans la cat\u0026#x00E9;gorie des entit\u0026#x00E9;s essentielles ou des entit\u0026#x00E9;s importantes. Il importe donc de ne pas multiplier les exigences de s\u0026#x00E9;curit\u0026#x00E9; qui auraient une m\u0026#x00EA;me finalit\u0026#x00E9; lorsque les op\u0026#x00E9;rateurs sont soumis \u0026#x00E0; des dispositions d\u0026#x2019;effet au moins \u0026#x00E9;quivalent, lesquelles priment sur le r\u0026#x00E9;gime g\u0026#x00E9;n\u0026#x00E9;ral s\u0026#x2019;agissant d\u0026#x2019;une lex specialis.\u003C\/p\u003E","annexeExposeSommaire":{}}},"cycleDeVie":{"dateDepot":"2025-09-08","datePublication":"2025-09-09","soumisArticle40":"false","etatDesTraitements":{"etat":{"code":"DI","libelle":"Discut\u00e9"},"sousEtat":{"code":"DI","libelle":"Adopt\u00e9"}},"dateSort":"2025-09-09T17:29:03+02:00","sort":"Adopt\u00e9"},"representations":{"representation":{"nom":"PDF","typeMime":{"type":"application","subType":"PDF"},"statutRepresentation":{"verbatim":"true","canonique":"true","officielle":"true","transcription":"false","enregistrement":"false"},"repSource":{},"offset":{},"contenu":{"documentURI":"\/base\/AMANR5L17PO866672B1112P0D1N000466?format=pdf"},"dateDispoRepresentation":{}}},"seanceDiscussionRef":{},"article99":"false","loiReference":{},"discussionCommune":{},"discussionIdentique":{},"accordGouvernementDepotHorsDelai":"Sans objet"}