{"uid":"AMANR5L17PO866672B1112P0D1N000489","chronotag":"1757947895143","legislature":"17","identification":{"numeroLong":"CS489","numeroOrdreDepot":"489","prefixeOrganeExamen":"CSCYBER","numeroRect":"0"},"examenRef":"EXANR5L17PO866672B1112P0D1","texteLegislatifRef":"PRJLANR5L17B1112","triAmendement":"baoaaaaaaaaaaaaaaaaaaaaaaaaaaaaaaaaaaaaaaaaaaaaaaaxb","cardinaliteAmdtMultiples":"1","amendementParentRef":{},"signataires":{"auteur":{"typeAuteur":"Rapporteur","gouvernementRef":{},"acteurRef":"PA642695","groupePolitiqueRef":"PO845407","auteurRapporteurOrganeRef":{}},"cosignataires":{},"suffixe":{},"libelle":" M.\u0026#160;Bothorel, rapporteur g\u0026#233;n\u0026#233;ral"},"pointeurFragmentTexte":{"partieAmendableRef":{},"division":{"titre":"Article 9","articleDesignationCourte":"ART. 9","articleDesignation":"ARTICLE 9","type":"ARTICLE","avant_A_Apres":"A","divisionRattachee":{},"articleAdditionnel":"false","chapitreAdditionnel":"false","urlDivisionTexteVise":"\/17\/textes\/1112.asp#D_Article_9"},"amendementStandard":{"alinea":{"avant_A_Apres":{},"numero":"7","alineaDesignation":"Alin\u00e9a 7"}}},"corps":{"cartoucheInformatif":{},"contenuAuteur":{"dispositif":"\u003Cp style=\u0022text-align: justify;\u0022\u003EApr\u0026#x00E8;s l\u0026#x2019;alin\u0026#x00E9;a\u0026nbsp;7, ins\u0026#x00E9;rer les deux alin\u0026#x00E9;as suivants\u0026nbsp;:\u003C\/p\u003E\u003Cp style=\u0022text-align: justify;\u0022\u003E\u0026#x00AB;\u0026nbsp;\u003Ci\u003Eg)\u003C\/i\u003E\u0026nbsp;\u003Ci\u003Ebis\u003C\/i\u003E Les \u0026#x00E9;tablissements publics de sant\u0026#x00E9; au sens de l\u0026#x2019;article\u0026nbsp;L.\u0026nbsp;6141\u0026#x2011;1 du code de la sant\u0026#x00E9; publique qui ne sont pas des entit\u0026#x00E9;s essentielles\u0026nbsp;;\u003C\/p\u003E\u003Cp style=\u0022text-align: justify;\u0022\u003E\u003Ci\u003E\u0026#x00AB;\u0026nbsp;\u003Ci\u003Eg)\u003C\/i\u003E\u003C\/i\u003E\u0026nbsp;\u003Ci\u003Eter\u003C\/i\u003E\u0026nbsp;Les \u0026#x00E9;tablissements et services sociaux et m\u0026#x00E9;dico-sociaux au sens de l\u0026#x2019;article\u0026nbsp;L.\u0026nbsp;312\u0026#x2011;1 du code de l\u0026#x2019;action sociale et des familles qui ne sont pas des entit\u0026#x00E9;s essentielles\u0026nbsp;;\u0026nbsp;\u0026#x00BB;.\u003C\/p\u003E","avantAppel":{},"exposeSommaire":"\u003Cp\u003ECet amendement a pour objectif d\u0026#x2019;inclure les \u0026#x00E9;tablissements publics de sant\u0026#x00E9; ainsi que les \u0026#x00E9;tablissements et services sociaux et m\u0026#x00E9;dico-sociaux dans le p\u0026#x00E9;rim\u0026#x00E8;tre du projet de loi.\u003C\/p\u003E","annexeExposeSommaire":{}}},"cycleDeVie":{"dateDepot":"2025-09-08","datePublication":"2025-09-09","soumisArticle40":"false","etatDesTraitements":{"etat":{"code":"DI","libelle":"Discut\u00e9"},"sousEtat":{"code":"DI","libelle":"Adopt\u00e9"}},"dateSort":"2025-09-09T19:47:31+02:00","sort":"Adopt\u00e9"},"representations":{"representation":{"nom":"PDF","typeMime":{"type":"application","subType":"PDF"},"statutRepresentation":{"verbatim":"true","canonique":"true","officielle":"true","transcription":"false","enregistrement":"false"},"repSource":{},"offset":{},"contenu":{"documentURI":"\/base\/AMANR5L17PO866672B1112P0D1N000489?format=pdf"},"dateDispoRepresentation":{}}},"seanceDiscussionRef":{},"article99":"false","loiReference":{},"discussionCommune":{},"discussionIdentique":{"idDiscussion":"81267","typePosition":"Premier"},"accordGouvernementDepotHorsDelai":"Sans objet"}